{"id":1027,"date":"2012-06-25T13:24:19","date_gmt":"2012-06-25T11:24:19","guid":{"rendered":"https:\/\/www.odw.fr\/blog\/?p=1027"},"modified":"2025-08-08T09:55:59","modified_gmt":"2025-08-08T07:55:59","slug":"infographie-dans-la-tete-dun-freelance","status":"publish","type":"post","link":"https:\/\/www.odw.fr\/blog\/webmarketing\/infographie-dans-la-tete-dun-freelance\/","title":{"rendered":"[Infographie] Dans la peau d&rsquo;un freelance !"},"content":{"rendered":"<p>Avec la \u00ab\u00a0<strong>mont\u00e9e du ch\u00f4mage<\/strong>\u00a0\u00bb (d\u00e9sol\u00e9, mais il fallait bien placer cette phrase) et le d\u00e9veloppement de nouveaux statuts simplifi\u00e9s dont celui de l\u2019<strong>auto entrepreneur<\/strong> (qui n\u2019est pas tout rose, mais ce n\u2019est pas le d\u00e9bat), vous \u00eates de plus en plus nombreux \u00e0 vouloir &#8211; et oser &#8211; sauter le pas vers le monde des \u00ab\u00a0travailleurs \u00e0 leur compte\u00a0\u00bb, autrement dit celui des <strong>freelances<\/strong>.<\/p>\n<p>Et s\u2019il est vrai que les possibilit\u00e9s sont nombreuses (graphiste, d\u00e9veloppeur web, <a href=\"https:\/\/www.roxane.community\/\">freelance social media<\/a>,&#8230;), <strong>il convient tout de m\u00eame de bien consid\u00e9rer tout ce que cela implique et de bien r\u00e9fl\u00e9chir \u00e0 vos envies, car les id\u00e9es re\u00e7ues sont l\u00e9gion :<\/strong><\/p>\n<ul>\n<li>vous souhaitez d\u00e9cider de votre propre emploi du temps et enfin faire un<strong> \u2013vrai 35 heures-<\/strong>\u00a0? <strong>Oubliez, vous travaillerez le soir, le weekend,<\/strong> et ne manquerez en aucun cas de v\u00e9rifier vos mails pendant ce weekend repos tant attendu dans la Creuse ;<\/li>\n<li>vous voulez faire uniquement ce qui vous plait et rien d\u2019autre ? Soit, mais n\u2019oubliez pas que cela ne viendra pas tout seul et qu\u2019il faudra s\u2019atteler \u00e0 de <strong>nouvelles t\u00e2ches moins attrayantes<\/strong> comme le d\u00e9marchage, la comptabilit\u00e9 et une multitude de t\u00e2ches administratives.<\/li>\n<\/ul>\n<p>Bon, certes, il y a <strong>quelques inconv\u00e9nients<\/strong>. Mais quel est leur poids face \u00e0 tous les avantages\u00a0? Cela d\u00e9pendra bien entendu de votre profil et de votre go\u00fbt du risque, mais soyez certains que<strong> les avantages sont nombreux\u00a0et jouissifs<\/strong> ! Et le premier, c\u2019est bien entendu la<strong> libert\u00e9<\/strong>, la libert\u00e9 de travailler quand vous voulez et souvent d\u2019o\u00f9 vous voulez.<\/p>\n<p>Revenons-en au sujet de cet article\u00a0; cette belle<strong> infographie<\/strong> r\u00e9alis\u00e9e par <a title=\"JESS3\" href=\"https:\/\/jess3.com\/\" target=\"_blank\" rel=\"noopener\">JESS3<\/a> et <a title=\"24 seven\" href=\"https:\/\/www.24seventalent.com\/\" target=\"_blank\" rel=\"noopener\">24 seven<\/a> au sujet de la situation des travailleurs ind\u00e9pendants. On y retrouve leurs principales motivations et les facteurs qui ont un impact direct sur leur bien-\u00eatre. Ainsi, on notera que <strong>la principale motivation reste le salaire horaire suivie de la balance entre vie professionnelle et priv\u00e9e.<\/strong><\/p>\n<p><strong>L\u2019\u00e9tude sur laquelle est bas\u00e9e cette infographie r\u00e9v\u00e8le une donn\u00e9e int\u00e9ressante\u00a0; les freelances sont de plus en plus heureux et satisfaits de leur situation avec le temps. Et \u00e7a, \u00e7a vaut bien quelques concessions non ?<\/strong><\/p>\n<p>Vous travaillez en freelance ? Quelle est votre vision de votre situation ? Avez-vous des conseils \u00e0 donner ?<\/p>\n<p style=\"text-align: center;\"><img loading=\"lazy\" decoding=\"async\" class=\"alignnone  wp-image-1033\" title=\"JESS3_24Seven_Freelancer_Poster-Web_Final-1\" src=\"https:\/\/www.odw.fr\/blog\/wp-content\/uploads\/2012\/06\/Dans-la-t\u00eate-dun-freelance-1.jpg\" alt=\"\" width=\"551\" height=\"1126\" srcset=\"https:\/\/www.odw.fr\/blog\/wp-content\/uploads\/2012\/06\/Dans-la-t\u00eate-dun-freelance-1.jpg 972w, https:\/\/www.odw.fr\/blog\/wp-content\/uploads\/2012\/06\/Dans-la-t\u00eate-dun-freelance-1-501x1024.jpg 501w\" sizes=\"auto, (max-width: 551px) 100vw, 551px\" \/><\/p>\n<p>Source : <span style=\"color: #ff6600;\"><a title=\"Mashable\" href=\"https:\/\/mashable.com\/archive\/mind-of-freelancer\" target=\"_blank\" rel=\"noopener\"><span style=\"color: #ff6600;\">Mashable<\/span><\/a>\u00a0<\/span><\/p>\n","protected":false},"excerpt":{"rendered":"<p>Avec la \u00ab\u00a0mont\u00e9e du ch\u00f4mage\u00a0\u00bb (d\u00e9sol\u00e9, mais il fallait bien placer cette phrase) et le d\u00e9veloppement de nouveaux statuts simplifi\u00e9s dont celui de l\u2019auto entrepreneur [&#8230;]<\/p>\n","protected":false},"author":4,"featured_media":1044,"comment_status":"open","ping_status":"open","sticky":false,"template":"","format":"standard","meta":{"footnotes":""},"categories":[67],"tags":[216,246,217],"class_list":["post-1027","post","type-post","status-publish","format-standard","has-post-thumbnail","hentry","category-webmarketing","tag-freelance","tag-freelance-internet","tag-salaire-freelance"],"yoast_head":"<!-- This site is optimized with the Yoast SEO plugin v27.3 - https:\/\/yoast.com\/product\/yoast-seo-wordpress\/ -->\n<title>[Infographie] Dans la peau d&#039;un freelance ! - Agence digitale ODW<\/title>\n<meta name=\"description\" content=\"Infographie : d\u00e9couvrez les motivations, d\u00e9fis et sources de bien-\u00eatre des freelances dans leur quotidien de travailleurs ind\u00e9pendants.\" \/>\n<meta name=\"robots\" content=\"index, follow, max-snippet:-1, max-image-preview:large, max-video-preview:-1\" \/>\n<link rel=\"canonical\" href=\"https:\/\/www.odw.fr\/blog\/webmarketing\/infographie-dans-la-tete-dun-freelance\/\" \/>\n<meta property=\"og:locale\" content=\"fr_FR\" \/>\n<meta property=\"og:type\" content=\"article\" \/>\n<meta property=\"og:title\" content=\"[Infographie] Dans la peau d&#039;un freelance ! - Agence digitale ODW\" \/>\n<meta property=\"og:description\" content=\"Infographie : d\u00e9couvrez les motivations, d\u00e9fis et sources de bien-\u00eatre des freelances dans leur quotidien de travailleurs ind\u00e9pendants.\" \/>\n<meta property=\"og:url\" content=\"https:\/\/www.odw.fr\/blog\/webmarketing\/infographie-dans-la-tete-dun-freelance\/\" \/>\n<meta property=\"og:site_name\" content=\"Agence digitale ODW\" \/>\n<meta property=\"article:published_time\" content=\"2012-06-25T11:24:19+00:00\" \/>\n<meta property=\"article:modified_time\" content=\"2025-08-08T07:55:59+00:00\" \/>\n<meta property=\"og:image\" content=\"https:\/\/www.odw.fr\/blog\/wp-content\/uploads\/2012\/06\/Dans-la-peau-dun-freelance.png\" \/>\n\t<meta property=\"og:image:width\" content=\"719\" \/>\n\t<meta property=\"og:image:height\" content=\"541\" \/>\n\t<meta property=\"og:image:type\" content=\"image\/png\" \/>\n<meta name=\"author\" content=\"Andreas\" \/>\n<meta name=\"twitter:card\" content=\"summary_large_image\" \/>\n<meta name=\"twitter:label1\" content=\"\u00c9crit par\" \/>\n\t<meta name=\"twitter:data1\" content=\"Andreas\" \/>\n\t<meta name=\"twitter:label2\" content=\"Dur\u00e9e de lecture estim\u00e9e\" \/>\n\t<meta name=\"twitter:data2\" content=\"3 minutes\" \/>\n<script type=\"application\/ld+json\" class=\"yoast-schema-graph\">{\"@context\":\"https:\\\/\\\/schema.org\",\"@graph\":[{\"@type\":\"Article\",\"@id\":\"https:\\\/\\\/www.odw.fr\\\/blog\\\/webmarketing\\\/infographie-dans-la-tete-dun-freelance\\\/#article\",\"isPartOf\":{\"@id\":\"https:\\\/\\\/www.odw.fr\\\/blog\\\/webmarketing\\\/infographie-dans-la-tete-dun-freelance\\\/\"},\"author\":{\"name\":\"Andreas\",\"@id\":\"https:\\\/\\\/www.odw.fr\\\/blog\\\/#\\\/schema\\\/person\\\/7ff59ff6f77e5c829a1abaa11829f9a3\"},\"headline\":\"[Infographie] Dans la peau d&rsquo;un freelance !\",\"datePublished\":\"2012-06-25T11:24:19+00:00\",\"dateModified\":\"2025-08-08T07:55:59+00:00\",\"mainEntityOfPage\":{\"@id\":\"https:\\\/\\\/www.odw.fr\\\/blog\\\/webmarketing\\\/infographie-dans-la-tete-dun-freelance\\\/\"},\"wordCount\":407,\"commentCount\":0,\"image\":{\"@id\":\"https:\\\/\\\/www.odw.fr\\\/blog\\\/webmarketing\\\/infographie-dans-la-tete-dun-freelance\\\/#primaryimage\"},\"thumbnailUrl\":\"https:\\\/\\\/www.odw.fr\\\/blog\\\/wp-content\\\/uploads\\\/2012\\\/06\\\/Dans-la-peau-dun-freelance.png\",\"keywords\":[\"freelance\",\"freelance internet\",\"salaire freelance\"],\"articleSection\":[\"Webmarketing\"],\"inLanguage\":\"fr-FR\",\"potentialAction\":[{\"@type\":\"CommentAction\",\"name\":\"Comment\",\"target\":[\"https:\\\/\\\/www.odw.fr\\\/blog\\\/webmarketing\\\/infographie-dans-la-tete-dun-freelance\\\/#respond\"]}]},{\"@type\":\"WebPage\",\"@id\":\"https:\\\/\\\/www.odw.fr\\\/blog\\\/webmarketing\\\/infographie-dans-la-tete-dun-freelance\\\/\",\"url\":\"https:\\\/\\\/www.odw.fr\\\/blog\\\/webmarketing\\\/infographie-dans-la-tete-dun-freelance\\\/\",\"name\":\"[Infographie] Dans la peau d'un freelance ! - Agence digitale ODW\",\"isPartOf\":{\"@id\":\"https:\\\/\\\/www.odw.fr\\\/blog\\\/#website\"},\"primaryImageOfPage\":{\"@id\":\"https:\\\/\\\/www.odw.fr\\\/blog\\\/webmarketing\\\/infographie-dans-la-tete-dun-freelance\\\/#primaryimage\"},\"image\":{\"@id\":\"https:\\\/\\\/www.odw.fr\\\/blog\\\/webmarketing\\\/infographie-dans-la-tete-dun-freelance\\\/#primaryimage\"},\"thumbnailUrl\":\"https:\\\/\\\/www.odw.fr\\\/blog\\\/wp-content\\\/uploads\\\/2012\\\/06\\\/Dans-la-peau-dun-freelance.png\",\"datePublished\":\"2012-06-25T11:24:19+00:00\",\"dateModified\":\"2025-08-08T07:55:59+00:00\",\"author\":{\"@id\":\"https:\\\/\\\/www.odw.fr\\\/blog\\\/#\\\/schema\\\/person\\\/7ff59ff6f77e5c829a1abaa11829f9a3\"},\"description\":\"Infographie : d\u00e9couvrez les motivations, d\u00e9fis et sources de bien-\u00eatre des freelances dans leur quotidien de travailleurs ind\u00e9pendants.\",\"breadcrumb\":{\"@id\":\"https:\\\/\\\/www.odw.fr\\\/blog\\\/webmarketing\\\/infographie-dans-la-tete-dun-freelance\\\/#breadcrumb\"},\"inLanguage\":\"fr-FR\",\"potentialAction\":[{\"@type\":\"ReadAction\",\"target\":[\"https:\\\/\\\/www.odw.fr\\\/blog\\\/webmarketing\\\/infographie-dans-la-tete-dun-freelance\\\/\"]}]},{\"@type\":\"ImageObject\",\"inLanguage\":\"fr-FR\",\"@id\":\"https:\\\/\\\/www.odw.fr\\\/blog\\\/webmarketing\\\/infographie-dans-la-tete-dun-freelance\\\/#primaryimage\",\"url\":\"https:\\\/\\\/www.odw.fr\\\/blog\\\/wp-content\\\/uploads\\\/2012\\\/06\\\/Dans-la-peau-dun-freelance.png\",\"contentUrl\":\"https:\\\/\\\/www.odw.fr\\\/blog\\\/wp-content\\\/uploads\\\/2012\\\/06\\\/Dans-la-peau-dun-freelance.png\",\"width\":\"719\",\"height\":\"541\",\"caption\":\"Dans la peau d'un freelance\"},{\"@type\":\"BreadcrumbList\",\"@id\":\"https:\\\/\\\/www.odw.fr\\\/blog\\\/webmarketing\\\/infographie-dans-la-tete-dun-freelance\\\/#breadcrumb\",\"itemListElement\":[{\"@type\":\"ListItem\",\"position\":1,\"name\":\"Accueil\",\"item\":\"https:\\\/\\\/www.odw.fr\\\/blog\\\/\"},{\"@type\":\"ListItem\",\"position\":2,\"name\":\"[Infographie] Dans la peau d&rsquo;un freelance !\"}]},{\"@type\":\"WebSite\",\"@id\":\"https:\\\/\\\/www.odw.fr\\\/blog\\\/#website\",\"url\":\"https:\\\/\\\/www.odw.fr\\\/blog\\\/\",\"name\":\"Agence digitale ODW\",\"description\":\"Conseil en communication digitale\",\"potentialAction\":[{\"@type\":\"SearchAction\",\"target\":{\"@type\":\"EntryPoint\",\"urlTemplate\":\"https:\\\/\\\/www.odw.fr\\\/blog\\\/?s={search_term_string}\"},\"query-input\":{\"@type\":\"PropertyValueSpecification\",\"valueRequired\":true,\"valueName\":\"search_term_string\"}}],\"inLanguage\":\"fr-FR\"},{\"@type\":\"Person\",\"@id\":\"https:\\\/\\\/www.odw.fr\\\/blog\\\/#\\\/schema\\\/person\\\/7ff59ff6f77e5c829a1abaa11829f9a3\",\"name\":\"Andreas\",\"image\":{\"@type\":\"ImageObject\",\"inLanguage\":\"fr-FR\",\"@id\":\"https:\\\/\\\/secure.gravatar.com\\\/avatar\\\/3ee4a35f9d568f984cb3b016b86b79c2bb611bd44e4ca6098567cc4c702c527a?s=96&d=retro&r=g\",\"url\":\"https:\\\/\\\/secure.gravatar.com\\\/avatar\\\/3ee4a35f9d568f984cb3b016b86b79c2bb611bd44e4ca6098567cc4c702c527a?s=96&d=retro&r=g\",\"contentUrl\":\"https:\\\/\\\/secure.gravatar.com\\\/avatar\\\/3ee4a35f9d568f984cb3b016b86b79c2bb611bd44e4ca6098567cc4c702c527a?s=96&d=retro&r=g\",\"caption\":\"Andreas\"},\"description\":\"Consultant associ\u00e9 en communication digitale bas\u00e9 \u00e0 Paris. Je conseille les entreprises dans l'\u00e9laboration de leur strat\u00e9gie digitale afin d'am\u00e9liorer leur pr\u00e9sence sur internet et les r\u00e9seaux sociaux. \u00a0 www.odw.fr\",\"sameAs\":[\"https:\\\/\\\/www.odw.fr\"]}]}<\/script>\n<!-- \/ Yoast SEO plugin. -->","yoast_head_json":{"title":"[Infographie] Dans la peau d'un freelance ! - Agence digitale ODW","description":"Infographie : d\u00e9couvrez les motivations, d\u00e9fis et sources de bien-\u00eatre des freelances dans leur quotidien de travailleurs ind\u00e9pendants.","robots":{"index":"index","follow":"follow","max-snippet":"max-snippet:-1","max-image-preview":"max-image-preview:large","max-video-preview":"max-video-preview:-1"},"canonical":"https:\/\/www.odw.fr\/blog\/webmarketing\/infographie-dans-la-tete-dun-freelance\/","og_locale":"fr_FR","og_type":"article","og_title":"[Infographie] Dans la peau d'un freelance ! - Agence digitale ODW","og_description":"Infographie : d\u00e9couvrez les motivations, d\u00e9fis et sources de bien-\u00eatre des freelances dans leur quotidien de travailleurs ind\u00e9pendants.","og_url":"https:\/\/www.odw.fr\/blog\/webmarketing\/infographie-dans-la-tete-dun-freelance\/","og_site_name":"Agence digitale ODW","article_published_time":"2012-06-25T11:24:19+00:00","article_modified_time":"2025-08-08T07:55:59+00:00","og_image":[{"width":719,"height":541,"url":"https:\/\/www.odw.fr\/blog\/wp-content\/uploads\/2012\/06\/Dans-la-peau-dun-freelance.png","type":"image\/png"}],"author":"Andreas","twitter_card":"summary_large_image","twitter_misc":{"\u00c9crit par":"Andreas","Dur\u00e9e de lecture estim\u00e9e":"3 minutes"},"schema":{"@context":"https:\/\/schema.org","@graph":[{"@type":"Article","@id":"https:\/\/www.odw.fr\/blog\/webmarketing\/infographie-dans-la-tete-dun-freelance\/#article","isPartOf":{"@id":"https:\/\/www.odw.fr\/blog\/webmarketing\/infographie-dans-la-tete-dun-freelance\/"},"author":{"name":"Andreas","@id":"https:\/\/www.odw.fr\/blog\/#\/schema\/person\/7ff59ff6f77e5c829a1abaa11829f9a3"},"headline":"[Infographie] Dans la peau d&rsquo;un freelance !","datePublished":"2012-06-25T11:24:19+00:00","dateModified":"2025-08-08T07:55:59+00:00","mainEntityOfPage":{"@id":"https:\/\/www.odw.fr\/blog\/webmarketing\/infographie-dans-la-tete-dun-freelance\/"},"wordCount":407,"commentCount":0,"image":{"@id":"https:\/\/www.odw.fr\/blog\/webmarketing\/infographie-dans-la-tete-dun-freelance\/#primaryimage"},"thumbnailUrl":"https:\/\/www.odw.fr\/blog\/wp-content\/uploads\/2012\/06\/Dans-la-peau-dun-freelance.png","keywords":["freelance","freelance internet","salaire freelance"],"articleSection":["Webmarketing"],"inLanguage":"fr-FR","potentialAction":[{"@type":"CommentAction","name":"Comment","target":["https:\/\/www.odw.fr\/blog\/webmarketing\/infographie-dans-la-tete-dun-freelance\/#respond"]}]},{"@type":"WebPage","@id":"https:\/\/www.odw.fr\/blog\/webmarketing\/infographie-dans-la-tete-dun-freelance\/","url":"https:\/\/www.odw.fr\/blog\/webmarketing\/infographie-dans-la-tete-dun-freelance\/","name":"[Infographie] Dans la peau d'un freelance ! - Agence digitale ODW","isPartOf":{"@id":"https:\/\/www.odw.fr\/blog\/#website"},"primaryImageOfPage":{"@id":"https:\/\/www.odw.fr\/blog\/webmarketing\/infographie-dans-la-tete-dun-freelance\/#primaryimage"},"image":{"@id":"https:\/\/www.odw.fr\/blog\/webmarketing\/infographie-dans-la-tete-dun-freelance\/#primaryimage"},"thumbnailUrl":"https:\/\/www.odw.fr\/blog\/wp-content\/uploads\/2012\/06\/Dans-la-peau-dun-freelance.png","datePublished":"2012-06-25T11:24:19+00:00","dateModified":"2025-08-08T07:55:59+00:00","author":{"@id":"https:\/\/www.odw.fr\/blog\/#\/schema\/person\/7ff59ff6f77e5c829a1abaa11829f9a3"},"description":"Infographie : d\u00e9couvrez les motivations, d\u00e9fis et sources de bien-\u00eatre des freelances dans leur quotidien de travailleurs ind\u00e9pendants.","breadcrumb":{"@id":"https:\/\/www.odw.fr\/blog\/webmarketing\/infographie-dans-la-tete-dun-freelance\/#breadcrumb"},"inLanguage":"fr-FR","potentialAction":[{"@type":"ReadAction","target":["https:\/\/www.odw.fr\/blog\/webmarketing\/infographie-dans-la-tete-dun-freelance\/"]}]},{"@type":"ImageObject","inLanguage":"fr-FR","@id":"https:\/\/www.odw.fr\/blog\/webmarketing\/infographie-dans-la-tete-dun-freelance\/#primaryimage","url":"https:\/\/www.odw.fr\/blog\/wp-content\/uploads\/2012\/06\/Dans-la-peau-dun-freelance.png","contentUrl":"https:\/\/www.odw.fr\/blog\/wp-content\/uploads\/2012\/06\/Dans-la-peau-dun-freelance.png","width":"719","height":"541","caption":"Dans la peau d'un freelance"},{"@type":"BreadcrumbList","@id":"https:\/\/www.odw.fr\/blog\/webmarketing\/infographie-dans-la-tete-dun-freelance\/#breadcrumb","itemListElement":[{"@type":"ListItem","position":1,"name":"Accueil","item":"https:\/\/www.odw.fr\/blog\/"},{"@type":"ListItem","position":2,"name":"[Infographie] Dans la peau d&rsquo;un freelance !"}]},{"@type":"WebSite","@id":"https:\/\/www.odw.fr\/blog\/#website","url":"https:\/\/www.odw.fr\/blog\/","name":"Agence digitale ODW","description":"Conseil en communication digitale","potentialAction":[{"@type":"SearchAction","target":{"@type":"EntryPoint","urlTemplate":"https:\/\/www.odw.fr\/blog\/?s={search_term_string}"},"query-input":{"@type":"PropertyValueSpecification","valueRequired":true,"valueName":"search_term_string"}}],"inLanguage":"fr-FR"},{"@type":"Person","@id":"https:\/\/www.odw.fr\/blog\/#\/schema\/person\/7ff59ff6f77e5c829a1abaa11829f9a3","name":"Andreas","image":{"@type":"ImageObject","inLanguage":"fr-FR","@id":"https:\/\/secure.gravatar.com\/avatar\/3ee4a35f9d568f984cb3b016b86b79c2bb611bd44e4ca6098567cc4c702c527a?s=96&d=retro&r=g","url":"https:\/\/secure.gravatar.com\/avatar\/3ee4a35f9d568f984cb3b016b86b79c2bb611bd44e4ca6098567cc4c702c527a?s=96&d=retro&r=g","contentUrl":"https:\/\/secure.gravatar.com\/avatar\/3ee4a35f9d568f984cb3b016b86b79c2bb611bd44e4ca6098567cc4c702c527a?s=96&d=retro&r=g","caption":"Andreas"},"description":"Consultant associ\u00e9 en communication digitale bas\u00e9 \u00e0 Paris. Je conseille les entreprises dans l'\u00e9laboration de leur strat\u00e9gie digitale afin d'am\u00e9liorer leur pr\u00e9sence sur internet et les r\u00e9seaux sociaux. \u00a0 www.odw.fr","sameAs":["https:\/\/www.odw.fr"]}]}},"_links":{"self":[{"href":"https:\/\/www.odw.fr\/blog\/wp-json\/wp\/v2\/posts\/1027","targetHints":{"allow":["GET"]}}],"collection":[{"href":"https:\/\/www.odw.fr\/blog\/wp-json\/wp\/v2\/posts"}],"about":[{"href":"https:\/\/www.odw.fr\/blog\/wp-json\/wp\/v2\/types\/post"}],"author":[{"embeddable":true,"href":"https:\/\/www.odw.fr\/blog\/wp-json\/wp\/v2\/users\/4"}],"replies":[{"embeddable":true,"href":"https:\/\/www.odw.fr\/blog\/wp-json\/wp\/v2\/comments?post=1027"}],"version-history":[{"count":0,"href":"https:\/\/www.odw.fr\/blog\/wp-json\/wp\/v2\/posts\/1027\/revisions"}],"wp:featuredmedia":[{"embeddable":true,"href":"https:\/\/www.odw.fr\/blog\/wp-json\/wp\/v2\/media\/1044"}],"wp:attachment":[{"href":"https:\/\/www.odw.fr\/blog\/wp-json\/wp\/v2\/media?parent=1027"}],"wp:term":[{"taxonomy":"category","embeddable":true,"href":"https:\/\/www.odw.fr\/blog\/wp-json\/wp\/v2\/categories?post=1027"},{"taxonomy":"post_tag","embeddable":true,"href":"https:\/\/www.odw.fr\/blog\/wp-json\/wp\/v2\/tags?post=1027"}],"curies":[{"name":"wp","href":"https:\/\/api.w.org\/{rel}","templated":true}]}}