{"id":1640,"date":"2012-10-05T10:56:09","date_gmt":"2012-10-05T08:56:09","guid":{"rendered":"https:\/\/www.odw.fr\/blog\/?p=1640"},"modified":"2025-08-07T10:56:35","modified_gmt":"2025-08-07T08:56:35","slug":"facebook-lance-sa-propre-campagne-publicitaire-dans-13-pays","status":"publish","type":"post","link":"https:\/\/www.odw.fr\/blog\/campagnes-publicitaires-2\/facebook-lance-sa-propre-campagne-publicitaire-dans-13-pays\/","title":{"rendered":"Pour la premi\u00e8re fois de son histoire, Facebook lance une campagne publicitaire !"},"content":{"rendered":"<p style=\"text-align: justify;\">Pour c\u00e9l\u00e9brer son premier milliard de fans, Facebook a annonc\u00e9 hier lancer une <strong>campagne publicitaire dans 13 pays<\/strong> repr\u00e9sentant ses march\u00e9s cl\u00e9s. Prenant la forme d\u2019un spot publicitaire, Facebook sort ainsi sa toute premi\u00e8re pub.<\/p>\n<p>&nbsp;<\/p>\n<h2>Une campagne publicitaire en 12 langues<\/h2>\n<p style=\"text-align: justify;\">Diffus\u00e9e dans 12 langues diff\u00e9rentes, la campagne publicitaire sera h\u00e9berg\u00e9e sur le r\u00e9seau social et pr\u00e9sent\u00e9e aux utilisateurs des pays suivants\u00a0: Allemagne, Br\u00e9sil, Espagne, Etats-Unis, France, Inde, Indon\u00e9sie, Italie, Japon, Mexique, Philippines, Royaume-Uni et Russie. La campagne publicitaire, orchestr\u00e9e par Wieden &amp; Kennedy a pour but de montrer <strong>\u00ab\u00a0who we are and why we exist\u00a0\u00bb<\/strong><em> (qui nous sommes et pourquoi nous existons)<\/em>. Le spot insiste sur les lieux <strong>d\u2019\u00e9change et de partage<\/strong> : les ponts, les avions, les pistes de danse, les sonnettes de portes et surtout les chaises qui seraient selon la publicit\u00e9 un objet qui relie les gens.<\/p>\n<p style=\"text-align: justify;\">\n<h2>Une campagne pour remercier les utilisateurs Facebook<\/h2>\n<p style=\"text-align: justify;\">La campagne sera principalement diffus\u00e9e dans des pays o\u00f9 le taux de p\u00e9n\u00e9tration de Facebook est d\u00e9j\u00e0 important. Certes, Facebook veut probablement remercier ses utilisateurs mais surtout cela signifie que Facebook veut encore d\u00e9velopper sa pr\u00e9sence dans ces pays, ou plus exactement l\u2019<strong>engagement<\/strong> de ses utilisateurs dans ces pays puisque le spot cible directement les personnes \u00e9tant d\u00e9j\u00e0 utilisatrices du r\u00e9seau social.<\/p>\n<p style=\"text-align: justify;\">Le spot de 1 minute et 31 secondes, joue grandement sur l\u2019aspect \u00e9motif et le c\u00f4t\u00e9 rassemblement. Selon Mark Zuckerberg, c\u2019est une mani\u00e8re de \u00ab\u00a0c\u00e9l\u00e9brer l\u2019humanit\u00e9\u00a0\u00bb\u00a0: <em>\u00ab\u00a0We honor the humanity of the people we serve\u00a0\u00bb.<\/em> Et les chaises, que viennent-elles faire dans tout \u00e7a\u00a0?<\/p>\n","protected":false},"excerpt":{"rendered":"<p>Pour c\u00e9l\u00e9brer son premier milliard de fans, Facebook a annonc\u00e9 hier lancer une campagne publicitaire dans 13 pays repr\u00e9sentant ses march\u00e9s cl\u00e9s. Prenant la forme [&#8230;]<\/p>\n","protected":false},"author":3,"featured_media":1644,"comment_status":"open","ping_status":"open","sticky":false,"template":"","format":"standard","meta":{"footnotes":""},"categories":[53],"tags":[543,544,545],"class_list":["post-1640","post","type-post","status-publish","format-standard","has-post-thumbnail","hentry","category-campagnes-publicitaires-2","tag-campagne-facebook","tag-campagne-publicitaire-facebook","tag-spot-publicitaire-facebook"],"yoast_head":"<!-- This site is optimized with the Yoast SEO plugin v27.3 - https:\/\/yoast.com\/product\/yoast-seo-wordpress\/ -->\n<title>Facebook c\u00e9l\u00e8bre ses 1\u202fmilliard d\u2019utilisateurs avec une campagne pub<\/title>\n<meta name=\"description\" content=\"Facebook lance sa 1\u02b3\u1d49 campagne pub mondiale dans 13 pays pour c\u00e9l\u00e9brer son 1\u202fmilliard d\u2019utilisateurs et renforcer l\u2019engagement via un spot \u00e9motionnel.\" \/>\n<meta name=\"robots\" content=\"index, follow, max-snippet:-1, max-image-preview:large, max-video-preview:-1\" \/>\n<link rel=\"canonical\" href=\"https:\/\/www.odw.fr\/blog\/campagnes-publicitaires-2\/facebook-lance-sa-propre-campagne-publicitaire-dans-13-pays\/\" \/>\n<meta property=\"og:locale\" content=\"fr_FR\" \/>\n<meta property=\"og:type\" content=\"article\" \/>\n<meta property=\"og:title\" content=\"Facebook c\u00e9l\u00e8bre ses 1\u202fmilliard d\u2019utilisateurs avec une campagne pub\" \/>\n<meta property=\"og:description\" content=\"Facebook lance sa 1\u02b3\u1d49 campagne pub mondiale dans 13 pays pour c\u00e9l\u00e9brer son 1\u202fmilliard d\u2019utilisateurs et renforcer l\u2019engagement via un spot \u00e9motionnel.\" \/>\n<meta property=\"og:url\" content=\"https:\/\/www.odw.fr\/blog\/campagnes-publicitaires-2\/facebook-lance-sa-propre-campagne-publicitaire-dans-13-pays\/\" \/>\n<meta property=\"og:site_name\" content=\"Agence digitale ODW\" \/>\n<meta property=\"article:published_time\" content=\"2012-10-05T08:56:09+00:00\" \/>\n<meta property=\"article:modified_time\" content=\"2025-08-07T08:56:35+00:00\" \/>\n<meta property=\"og:image\" content=\"https:\/\/www.odw.fr\/blog\/wp-content\/uploads\/2012\/10\/Pub-Facebook.jpg\" \/>\n\t<meta property=\"og:image:width\" content=\"720\" \/>\n\t<meta property=\"og:image:height\" content=\"540\" \/>\n\t<meta property=\"og:image:type\" content=\"image\/jpeg\" \/>\n<meta name=\"author\" content=\"Alexandre Vernier\" \/>\n<meta name=\"twitter:card\" content=\"summary_large_image\" \/>\n<meta name=\"twitter:creator\" content=\"@4lex_ODW\" \/>\n<meta name=\"twitter:label1\" content=\"\u00c9crit par\" \/>\n\t<meta name=\"twitter:data1\" content=\"Alexandre Vernier\" \/>\n\t<meta name=\"twitter:label2\" content=\"Dur\u00e9e de lecture estim\u00e9e\" \/>\n\t<meta name=\"twitter:data2\" content=\"2 minutes\" \/>\n<script type=\"application\/ld+json\" class=\"yoast-schema-graph\">{\"@context\":\"https:\\\/\\\/schema.org\",\"@graph\":[{\"@type\":\"Article\",\"@id\":\"https:\\\/\\\/www.odw.fr\\\/blog\\\/campagnes-publicitaires-2\\\/facebook-lance-sa-propre-campagne-publicitaire-dans-13-pays\\\/#article\",\"isPartOf\":{\"@id\":\"https:\\\/\\\/www.odw.fr\\\/blog\\\/campagnes-publicitaires-2\\\/facebook-lance-sa-propre-campagne-publicitaire-dans-13-pays\\\/\"},\"author\":{\"name\":\"Alexandre Vernier\",\"@id\":\"https:\\\/\\\/www.odw.fr\\\/blog\\\/#\\\/schema\\\/person\\\/6e32eef6f7dac56f10a8160652915ef6\"},\"headline\":\"Pour la premi\u00e8re fois de son histoire, Facebook lance une campagne publicitaire !\",\"datePublished\":\"2012-10-05T08:56:09+00:00\",\"dateModified\":\"2025-08-07T08:56:35+00:00\",\"mainEntityOfPage\":{\"@id\":\"https:\\\/\\\/www.odw.fr\\\/blog\\\/campagnes-publicitaires-2\\\/facebook-lance-sa-propre-campagne-publicitaire-dans-13-pays\\\/\"},\"wordCount\":296,\"commentCount\":0,\"image\":{\"@id\":\"https:\\\/\\\/www.odw.fr\\\/blog\\\/campagnes-publicitaires-2\\\/facebook-lance-sa-propre-campagne-publicitaire-dans-13-pays\\\/#primaryimage\"},\"thumbnailUrl\":\"https:\\\/\\\/www.odw.fr\\\/blog\\\/wp-content\\\/uploads\\\/2012\\\/10\\\/Pub-Facebook.jpg\",\"keywords\":[\"campagne Facebook\",\"campagne publicitaire facebook\",\"spot publicitaire facebook\"],\"articleSection\":[\"Campagnes publicitaires\"],\"inLanguage\":\"fr-FR\",\"potentialAction\":[{\"@type\":\"CommentAction\",\"name\":\"Comment\",\"target\":[\"https:\\\/\\\/www.odw.fr\\\/blog\\\/campagnes-publicitaires-2\\\/facebook-lance-sa-propre-campagne-publicitaire-dans-13-pays\\\/#respond\"]}]},{\"@type\":\"WebPage\",\"@id\":\"https:\\\/\\\/www.odw.fr\\\/blog\\\/campagnes-publicitaires-2\\\/facebook-lance-sa-propre-campagne-publicitaire-dans-13-pays\\\/\",\"url\":\"https:\\\/\\\/www.odw.fr\\\/blog\\\/campagnes-publicitaires-2\\\/facebook-lance-sa-propre-campagne-publicitaire-dans-13-pays\\\/\",\"name\":\"Facebook c\u00e9l\u00e8bre ses 1\u202fmilliard d\u2019utilisateurs avec une campagne pub\",\"isPartOf\":{\"@id\":\"https:\\\/\\\/www.odw.fr\\\/blog\\\/#website\"},\"primaryImageOfPage\":{\"@id\":\"https:\\\/\\\/www.odw.fr\\\/blog\\\/campagnes-publicitaires-2\\\/facebook-lance-sa-propre-campagne-publicitaire-dans-13-pays\\\/#primaryimage\"},\"image\":{\"@id\":\"https:\\\/\\\/www.odw.fr\\\/blog\\\/campagnes-publicitaires-2\\\/facebook-lance-sa-propre-campagne-publicitaire-dans-13-pays\\\/#primaryimage\"},\"thumbnailUrl\":\"https:\\\/\\\/www.odw.fr\\\/blog\\\/wp-content\\\/uploads\\\/2012\\\/10\\\/Pub-Facebook.jpg\",\"datePublished\":\"2012-10-05T08:56:09+00:00\",\"dateModified\":\"2025-08-07T08:56:35+00:00\",\"author\":{\"@id\":\"https:\\\/\\\/www.odw.fr\\\/blog\\\/#\\\/schema\\\/person\\\/6e32eef6f7dac56f10a8160652915ef6\"},\"description\":\"Facebook lance sa 1\u02b3\u1d49 campagne pub mondiale dans 13 pays pour c\u00e9l\u00e9brer son 1\u202fmilliard d\u2019utilisateurs et renforcer l\u2019engagement via un spot \u00e9motionnel.\",\"breadcrumb\":{\"@id\":\"https:\\\/\\\/www.odw.fr\\\/blog\\\/campagnes-publicitaires-2\\\/facebook-lance-sa-propre-campagne-publicitaire-dans-13-pays\\\/#breadcrumb\"},\"inLanguage\":\"fr-FR\",\"potentialAction\":[{\"@type\":\"ReadAction\",\"target\":[\"https:\\\/\\\/www.odw.fr\\\/blog\\\/campagnes-publicitaires-2\\\/facebook-lance-sa-propre-campagne-publicitaire-dans-13-pays\\\/\"]}]},{\"@type\":\"ImageObject\",\"inLanguage\":\"fr-FR\",\"@id\":\"https:\\\/\\\/www.odw.fr\\\/blog\\\/campagnes-publicitaires-2\\\/facebook-lance-sa-propre-campagne-publicitaire-dans-13-pays\\\/#primaryimage\",\"url\":\"https:\\\/\\\/www.odw.fr\\\/blog\\\/wp-content\\\/uploads\\\/2012\\\/10\\\/Pub-Facebook.jpg\",\"contentUrl\":\"https:\\\/\\\/www.odw.fr\\\/blog\\\/wp-content\\\/uploads\\\/2012\\\/10\\\/Pub-Facebook.jpg\",\"width\":\"720\",\"height\":\"540\",\"caption\":\"Publicit\u00e9 facebook\"},{\"@type\":\"BreadcrumbList\",\"@id\":\"https:\\\/\\\/www.odw.fr\\\/blog\\\/campagnes-publicitaires-2\\\/facebook-lance-sa-propre-campagne-publicitaire-dans-13-pays\\\/#breadcrumb\",\"itemListElement\":[{\"@type\":\"ListItem\",\"position\":1,\"name\":\"Accueil\",\"item\":\"https:\\\/\\\/www.odw.fr\\\/blog\\\/\"},{\"@type\":\"ListItem\",\"position\":2,\"name\":\"Pour la premi\u00e8re fois de son histoire, Facebook lance une campagne publicitaire !\"}]},{\"@type\":\"WebSite\",\"@id\":\"https:\\\/\\\/www.odw.fr\\\/blog\\\/#website\",\"url\":\"https:\\\/\\\/www.odw.fr\\\/blog\\\/\",\"name\":\"Agence digitale ODW\",\"description\":\"Conseil en communication digitale\",\"potentialAction\":[{\"@type\":\"SearchAction\",\"target\":{\"@type\":\"EntryPoint\",\"urlTemplate\":\"https:\\\/\\\/www.odw.fr\\\/blog\\\/?s={search_term_string}\"},\"query-input\":{\"@type\":\"PropertyValueSpecification\",\"valueRequired\":true,\"valueName\":\"search_term_string\"}}],\"inLanguage\":\"fr-FR\"},{\"@type\":\"Person\",\"@id\":\"https:\\\/\\\/www.odw.fr\\\/blog\\\/#\\\/schema\\\/person\\\/6e32eef6f7dac56f10a8160652915ef6\",\"name\":\"Alexandre Vernier\",\"image\":{\"@type\":\"ImageObject\",\"inLanguage\":\"fr-FR\",\"@id\":\"https:\\\/\\\/www.odw.fr\\\/blog\\\/wp-content\\\/uploads\\\/2025\\\/05\\\/cropped-Photo-Alexandre-Vernier-96x96.png\",\"url\":\"https:\\\/\\\/www.odw.fr\\\/blog\\\/wp-content\\\/uploads\\\/2025\\\/05\\\/cropped-Photo-Alexandre-Vernier-96x96.png\",\"contentUrl\":\"https:\\\/\\\/www.odw.fr\\\/blog\\\/wp-content\\\/uploads\\\/2025\\\/05\\\/cropped-Photo-Alexandre-Vernier-96x96.png\",\"caption\":\"Alexandre Vernier\"},\"description\":\"Fondateur de l'agence ODW. Je conseille les entreprises dans l'\u00e9laboration et la mise en place de leur strat\u00e9gie de communication et digitale. \u00a0 www.odw.fr\",\"sameAs\":[\"https:\\\/\\\/www.odw.fr\",\"https:\\\/\\\/x.com\\\/4lex_ODW\"]}]}<\/script>\n<!-- \/ Yoast SEO plugin. -->","yoast_head_json":{"title":"Facebook c\u00e9l\u00e8bre ses 1\u202fmilliard d\u2019utilisateurs avec une campagne pub","description":"Facebook lance sa 1\u02b3\u1d49 campagne pub mondiale dans 13 pays pour c\u00e9l\u00e9brer son 1\u202fmilliard d\u2019utilisateurs et renforcer l\u2019engagement via un spot \u00e9motionnel.","robots":{"index":"index","follow":"follow","max-snippet":"max-snippet:-1","max-image-preview":"max-image-preview:large","max-video-preview":"max-video-preview:-1"},"canonical":"https:\/\/www.odw.fr\/blog\/campagnes-publicitaires-2\/facebook-lance-sa-propre-campagne-publicitaire-dans-13-pays\/","og_locale":"fr_FR","og_type":"article","og_title":"Facebook c\u00e9l\u00e8bre ses 1\u202fmilliard d\u2019utilisateurs avec une campagne pub","og_description":"Facebook lance sa 1\u02b3\u1d49 campagne pub mondiale dans 13 pays pour c\u00e9l\u00e9brer son 1\u202fmilliard d\u2019utilisateurs et renforcer l\u2019engagement via un spot \u00e9motionnel.","og_url":"https:\/\/www.odw.fr\/blog\/campagnes-publicitaires-2\/facebook-lance-sa-propre-campagne-publicitaire-dans-13-pays\/","og_site_name":"Agence digitale ODW","article_published_time":"2012-10-05T08:56:09+00:00","article_modified_time":"2025-08-07T08:56:35+00:00","og_image":[{"width":720,"height":540,"url":"https:\/\/www.odw.fr\/blog\/wp-content\/uploads\/2012\/10\/Pub-Facebook.jpg","type":"image\/jpeg"}],"author":"Alexandre Vernier","twitter_card":"summary_large_image","twitter_creator":"@4lex_ODW","twitter_misc":{"\u00c9crit par":"Alexandre Vernier","Dur\u00e9e de lecture estim\u00e9e":"2 minutes"},"schema":{"@context":"https:\/\/schema.org","@graph":[{"@type":"Article","@id":"https:\/\/www.odw.fr\/blog\/campagnes-publicitaires-2\/facebook-lance-sa-propre-campagne-publicitaire-dans-13-pays\/#article","isPartOf":{"@id":"https:\/\/www.odw.fr\/blog\/campagnes-publicitaires-2\/facebook-lance-sa-propre-campagne-publicitaire-dans-13-pays\/"},"author":{"name":"Alexandre Vernier","@id":"https:\/\/www.odw.fr\/blog\/#\/schema\/person\/6e32eef6f7dac56f10a8160652915ef6"},"headline":"Pour la premi\u00e8re fois de son histoire, Facebook lance une campagne publicitaire !","datePublished":"2012-10-05T08:56:09+00:00","dateModified":"2025-08-07T08:56:35+00:00","mainEntityOfPage":{"@id":"https:\/\/www.odw.fr\/blog\/campagnes-publicitaires-2\/facebook-lance-sa-propre-campagne-publicitaire-dans-13-pays\/"},"wordCount":296,"commentCount":0,"image":{"@id":"https:\/\/www.odw.fr\/blog\/campagnes-publicitaires-2\/facebook-lance-sa-propre-campagne-publicitaire-dans-13-pays\/#primaryimage"},"thumbnailUrl":"https:\/\/www.odw.fr\/blog\/wp-content\/uploads\/2012\/10\/Pub-Facebook.jpg","keywords":["campagne Facebook","campagne publicitaire facebook","spot publicitaire facebook"],"articleSection":["Campagnes publicitaires"],"inLanguage":"fr-FR","potentialAction":[{"@type":"CommentAction","name":"Comment","target":["https:\/\/www.odw.fr\/blog\/campagnes-publicitaires-2\/facebook-lance-sa-propre-campagne-publicitaire-dans-13-pays\/#respond"]}]},{"@type":"WebPage","@id":"https:\/\/www.odw.fr\/blog\/campagnes-publicitaires-2\/facebook-lance-sa-propre-campagne-publicitaire-dans-13-pays\/","url":"https:\/\/www.odw.fr\/blog\/campagnes-publicitaires-2\/facebook-lance-sa-propre-campagne-publicitaire-dans-13-pays\/","name":"Facebook c\u00e9l\u00e8bre ses 1\u202fmilliard d\u2019utilisateurs avec une campagne pub","isPartOf":{"@id":"https:\/\/www.odw.fr\/blog\/#website"},"primaryImageOfPage":{"@id":"https:\/\/www.odw.fr\/blog\/campagnes-publicitaires-2\/facebook-lance-sa-propre-campagne-publicitaire-dans-13-pays\/#primaryimage"},"image":{"@id":"https:\/\/www.odw.fr\/blog\/campagnes-publicitaires-2\/facebook-lance-sa-propre-campagne-publicitaire-dans-13-pays\/#primaryimage"},"thumbnailUrl":"https:\/\/www.odw.fr\/blog\/wp-content\/uploads\/2012\/10\/Pub-Facebook.jpg","datePublished":"2012-10-05T08:56:09+00:00","dateModified":"2025-08-07T08:56:35+00:00","author":{"@id":"https:\/\/www.odw.fr\/blog\/#\/schema\/person\/6e32eef6f7dac56f10a8160652915ef6"},"description":"Facebook lance sa 1\u02b3\u1d49 campagne pub mondiale dans 13 pays pour c\u00e9l\u00e9brer son 1\u202fmilliard d\u2019utilisateurs et renforcer l\u2019engagement via un spot \u00e9motionnel.","breadcrumb":{"@id":"https:\/\/www.odw.fr\/blog\/campagnes-publicitaires-2\/facebook-lance-sa-propre-campagne-publicitaire-dans-13-pays\/#breadcrumb"},"inLanguage":"fr-FR","potentialAction":[{"@type":"ReadAction","target":["https:\/\/www.odw.fr\/blog\/campagnes-publicitaires-2\/facebook-lance-sa-propre-campagne-publicitaire-dans-13-pays\/"]}]},{"@type":"ImageObject","inLanguage":"fr-FR","@id":"https:\/\/www.odw.fr\/blog\/campagnes-publicitaires-2\/facebook-lance-sa-propre-campagne-publicitaire-dans-13-pays\/#primaryimage","url":"https:\/\/www.odw.fr\/blog\/wp-content\/uploads\/2012\/10\/Pub-Facebook.jpg","contentUrl":"https:\/\/www.odw.fr\/blog\/wp-content\/uploads\/2012\/10\/Pub-Facebook.jpg","width":"720","height":"540","caption":"Publicit\u00e9 facebook"},{"@type":"BreadcrumbList","@id":"https:\/\/www.odw.fr\/blog\/campagnes-publicitaires-2\/facebook-lance-sa-propre-campagne-publicitaire-dans-13-pays\/#breadcrumb","itemListElement":[{"@type":"ListItem","position":1,"name":"Accueil","item":"https:\/\/www.odw.fr\/blog\/"},{"@type":"ListItem","position":2,"name":"Pour la premi\u00e8re fois de son histoire, Facebook lance une campagne publicitaire !"}]},{"@type":"WebSite","@id":"https:\/\/www.odw.fr\/blog\/#website","url":"https:\/\/www.odw.fr\/blog\/","name":"Agence digitale ODW","description":"Conseil en communication digitale","potentialAction":[{"@type":"SearchAction","target":{"@type":"EntryPoint","urlTemplate":"https:\/\/www.odw.fr\/blog\/?s={search_term_string}"},"query-input":{"@type":"PropertyValueSpecification","valueRequired":true,"valueName":"search_term_string"}}],"inLanguage":"fr-FR"},{"@type":"Person","@id":"https:\/\/www.odw.fr\/blog\/#\/schema\/person\/6e32eef6f7dac56f10a8160652915ef6","name":"Alexandre Vernier","image":{"@type":"ImageObject","inLanguage":"fr-FR","@id":"https:\/\/www.odw.fr\/blog\/wp-content\/uploads\/2025\/05\/cropped-Photo-Alexandre-Vernier-96x96.png","url":"https:\/\/www.odw.fr\/blog\/wp-content\/uploads\/2025\/05\/cropped-Photo-Alexandre-Vernier-96x96.png","contentUrl":"https:\/\/www.odw.fr\/blog\/wp-content\/uploads\/2025\/05\/cropped-Photo-Alexandre-Vernier-96x96.png","caption":"Alexandre Vernier"},"description":"Fondateur de l'agence ODW. Je conseille les entreprises dans l'\u00e9laboration et la mise en place de leur strat\u00e9gie de communication et digitale. \u00a0 www.odw.fr","sameAs":["https:\/\/www.odw.fr","https:\/\/x.com\/4lex_ODW"]}]}},"_links":{"self":[{"href":"https:\/\/www.odw.fr\/blog\/wp-json\/wp\/v2\/posts\/1640","targetHints":{"allow":["GET"]}}],"collection":[{"href":"https:\/\/www.odw.fr\/blog\/wp-json\/wp\/v2\/posts"}],"about":[{"href":"https:\/\/www.odw.fr\/blog\/wp-json\/wp\/v2\/types\/post"}],"author":[{"embeddable":true,"href":"https:\/\/www.odw.fr\/blog\/wp-json\/wp\/v2\/users\/3"}],"replies":[{"embeddable":true,"href":"https:\/\/www.odw.fr\/blog\/wp-json\/wp\/v2\/comments?post=1640"}],"version-history":[{"count":0,"href":"https:\/\/www.odw.fr\/blog\/wp-json\/wp\/v2\/posts\/1640\/revisions"}],"wp:featuredmedia":[{"embeddable":true,"href":"https:\/\/www.odw.fr\/blog\/wp-json\/wp\/v2\/media\/1644"}],"wp:attachment":[{"href":"https:\/\/www.odw.fr\/blog\/wp-json\/wp\/v2\/media?parent=1640"}],"wp:term":[{"taxonomy":"category","embeddable":true,"href":"https:\/\/www.odw.fr\/blog\/wp-json\/wp\/v2\/categories?post=1640"},{"taxonomy":"post_tag","embeddable":true,"href":"https:\/\/www.odw.fr\/blog\/wp-json\/wp\/v2\/tags?post=1640"}],"curies":[{"name":"wp","href":"https:\/\/api.w.org\/{rel}","templated":true}]}}