{"id":5346,"date":"2015-08-19T10:51:12","date_gmt":"2015-08-19T08:51:12","guid":{"rendered":"https:\/\/www.odw.fr\/blog\/?p=5346"},"modified":"2025-08-07T11:00:20","modified_gmt":"2025-08-07T09:00:20","slug":"quand-les-marques-adaptent-leur-marketing-a-la-canicule","status":"publish","type":"post","link":"https:\/\/www.odw.fr\/blog\/campagnes-publicitaires-2\/quand-les-marques-adaptent-leur-marketing-a-la-canicule\/","title":{"rendered":"Quand les marques adaptent leur marketing \u00e0 la canicule"},"content":{"rendered":"<p>Comme on peut s\u2019en douter, la canicule a un effet \u00ab\u00a0boule de neige\u00a0\u00bb sur certains comportements de\u00a0 consommation. Entre fin juin et d\u00e9but juillet, le comparateur de prix en ligne <a href=\"https:\/\/www.leprogres.fr\/france-monde\/2015\/07\/07\/la-canicule-faire-exploser-les-ventes-de-ventilateurs\" target=\"_blank\" rel=\"noopener\">Id\u00e9alo<\/a> a ainsi relev\u00e9 des pics de clics sur certains produits : +2467% pour les ventilateurs, +1099% pour les climatiseurs et +382% pour les piscines.<\/p>\n<p>Il faut dire que sur cette p\u00e9riode, le thermom\u00e8tre a\u00a0grimp\u00e9 jusqu\u2019\u00e0 39\u00b0.<\/p>\n<p>Dans ces conditions nombreux sont ceux qui renoncent \u00e0 sortir et pr\u00e9f\u00e8rent rester au frais\u00a0: une <strong>aubaine pour les marques<\/strong> et certains sites de e-commerce en particulier qui redoublent d\u2019inventivit\u00e9 pour <strong>s\u2019adapter \u00e0 cette donne.<\/strong><\/p>\n<p>Tour d\u2019horizon de quelques initiatives remarquables et remarqu\u00e9es de marques que la canicule inspire\u2026<\/p>\n<h2>\u00dcber lance l\u2019op\u00e9ration Ice Cream<\/h2>\n<p><img loading=\"lazy\" decoding=\"async\" class=\" size-full wp-image-5387 aligncenter\" src=\"https:\/\/www.odw.fr\/blog\/wp-content\/uploads\/2015\/08\/uber.png\" alt=\"uber\" width=\"201\" height=\"201\" srcset=\"https:\/\/www.odw.fr\/blog\/wp-content\/uploads\/2015\/08\/uber.png 201w, https:\/\/www.odw.fr\/blog\/wp-content\/uploads\/2015\/08\/uber-150x150.png 150w\" sizes=\"auto, (max-width: 201px) 100vw, 201px\" \/><br \/>\nUne des op\u00e9rations marketing les plus remarqu\u00e9es de l\u2019\u00e9t\u00e9, \u00dcber Ice Cream s\u2019est d\u00e9roul\u00e9e le 24 juillet <strong>dans 57 pays dont 9 villes en France<\/strong>.<\/p>\n<p>L\u2019initiative proposait aux utilisateurs de l\u2019application habitant les villes de Paris, Lyon, Lille, Nice, Cannes, Toulouse, Bordeaux, Strasbourg ou encore Nantes de choisir parmi un assortiment de 5 glaces livr\u00e9es en 2 CV vintage gr\u00e2ce \u00e0 un partenariat entre la marque am\u00e9ricaine et l&rsquo;artisan glacier La Fabrique Givr\u00e9e.<\/p>\n<p>Le succ\u00e8s de l\u2019\u00dcber Ice Cream a \u00e9t\u00e9 relay\u00e9 par les m\u00e9dias et les r\u00e9seaux sociaux qui invitaient les internautes \u00e0 \u00ab\u00a0partager leur exp\u00e9rience givr\u00e9e\u00a0\u00bb via le hashtag #UberIceCream, permettant \u00e0 l\u2019op\u00e9ration d\u2019afficher plus de <strong>2 200 participants sur Facebook.<\/strong><\/p>\n<p>Cet \u00e9t\u00e9, les taxis n\u2019\u00e9taient donc pas les seuls \u00e0 avoir les boules \u00e0 cause d\u2019\u00dcber\u2026 ou plut\u00f4t gr\u00e2ce \u00e0 \u00dcber, boules de glaces en l\u2019occurrence.<\/p>\n<h2>L&rsquo;ice-bar Artic Room 51 rafra\u00eechit le Marais<\/h2>\n<p><img loading=\"lazy\" decoding=\"async\" class=\" size-medium wp-image-5404 aligncenter\" src=\"https:\/\/www.odw.fr\/blog\/wp-content\/uploads\/2015\/08\/51-Glacial-IEUP0-300x200.png\" alt=\"51-Glacial-IEUP0\" width=\"300\" height=\"200\" srcset=\"https:\/\/www.odw.fr\/blog\/wp-content\/uploads\/2015\/08\/51-Glacial-IEUP0-300x200.png 300w, https:\/\/www.odw.fr\/blog\/wp-content\/uploads\/2015\/08\/51-Glacial-IEUP0-600x400.png 600w, https:\/\/www.odw.fr\/blog\/wp-content\/uploads\/2015\/08\/51-Glacial-IEUP0-150x100.png 150w, https:\/\/www.odw.fr\/blog\/wp-content\/uploads\/2015\/08\/51-Glacial-IEUP0.png 983w\" sizes=\"auto, (max-width: 300px) 100vw, 300px\" \/><\/p>\n<p>Cet \u00e9t\u00e9 et jusqu&rsquo;au 30 septembre, Pastis 51 prend ses quartiers <strong>en plein c\u0153ur des Jardins du Marais<\/strong> et propose aux parisiens de venir d\u00e9couvrir le nouveau 51 Glacial dans sa <strong>frigorifique Artic Room 51.<\/strong><\/p>\n<p>La recette de l&rsquo;op\u00e9ration : 4 tonnes de glaces pour une temp\u00e9rature int\u00e9rieure de -10\u00b0C, une terrasse am\u00e9nag\u00e9e avec transats, terrains de p\u00e9tanque, DJ set tous les jeudis, et bien s\u00fbr d\u00e9gustation de 51 glacial, produit phare de l&rsquo;\u00e9v\u00e9nement.<\/p>\n<h2>Quand l&rsquo;\u00e9t\u00e9 inspire Perrier<\/h2>\n<p><img loading=\"lazy\" decoding=\"async\" class=\" size-medium wp-image-5348 aligncenter\" src=\"https:\/\/www.odw.fr\/blog\/wp-content\/uploads\/2015\/08\/perrier_-_melting_car_poster-300x225.jpg\" alt=\"perrier_-_melting_car_poster\" width=\"300\" height=\"225\" srcset=\"https:\/\/www.odw.fr\/blog\/wp-content\/uploads\/2015\/08\/perrier_-_melting_car_poster-300x225.jpg 300w, https:\/\/www.odw.fr\/blog\/wp-content\/uploads\/2015\/08\/perrier_-_melting_car_poster-1024x768.jpg 1024w, https:\/\/www.odw.fr\/blog\/wp-content\/uploads\/2015\/08\/perrier_-_melting_car_poster-106x80.jpg 106w, https:\/\/www.odw.fr\/blog\/wp-content\/uploads\/2015\/08\/perrier_-_melting_car_poster.jpg 1600w\" sizes=\"auto, (max-width: 300px) 100vw, 300px\" \/><img loading=\"lazy\" decoding=\"async\" class=\" size-medium wp-image-5349 aligncenter\" src=\"https:\/\/www.odw.fr\/blog\/wp-content\/uploads\/2015\/08\/Perrier_Tennis_4x3-300x225.jpg\" alt=\"Perrier_Tennis_4x3\" width=\"300\" height=\"225\" srcset=\"https:\/\/www.odw.fr\/blog\/wp-content\/uploads\/2015\/08\/Perrier_Tennis_4x3-300x225.jpg 300w, https:\/\/www.odw.fr\/blog\/wp-content\/uploads\/2015\/08\/Perrier_Tennis_4x3-1024x768.jpg 1024w, https:\/\/www.odw.fr\/blog\/wp-content\/uploads\/2015\/08\/Perrier_Tennis_4x3-106x80.jpg 106w, https:\/\/www.odw.fr\/blog\/wp-content\/uploads\/2015\/08\/Perrier_Tennis_4x3.jpg 1181w\" sizes=\"auto, (max-width: 300px) 100vw, 300px\" \/><img loading=\"lazy\" decoding=\"async\" class=\" size-medium wp-image-5385 aligncenter\" src=\"https:\/\/www.odw.fr\/blog\/wp-content\/uploads\/2015\/08\/Perrier_Plage_4x3-300x225.jpg\" alt=\"Perrier_Plage_4x3\" width=\"300\" height=\"225\" srcset=\"https:\/\/www.odw.fr\/blog\/wp-content\/uploads\/2015\/08\/Perrier_Plage_4x3-300x225.jpg 300w, https:\/\/www.odw.fr\/blog\/wp-content\/uploads\/2015\/08\/Perrier_Plage_4x3-1024x768.jpg 1024w, https:\/\/www.odw.fr\/blog\/wp-content\/uploads\/2015\/08\/Perrier_Plage_4x3-106x80.jpg 106w, https:\/\/www.odw.fr\/blog\/wp-content\/uploads\/2015\/08\/Perrier_Plage_4x3.jpg 1181w\" sizes=\"auto, (max-width: 300px) 100vw, 300px\" \/><\/p>\n<p>L&rsquo;\u00e9t\u00e9 2009 fut torride et a inspir\u00e9 Perrier qui en a profit\u00e9 pour d\u00e9voiler <strong>une s\u00e9rie\u00a0d\u2019affiches<\/strong> proposant une version rafra\u00eechissante des <em>Montres molles<\/em> de Dali.<br \/>\nLa Direction Artistique particuli\u00e8rement soign\u00e9e de cette campagne lui vaudra par ailleurs d&rsquo;\u00eatre <strong>r\u00e9compens\u00e9e aux Cannes Lions<\/strong> la m\u00eame ann\u00e9e.<\/p>\n<h2>Evian donne des envies de vacances avec Little Big Baby<\/h2>\n<p><img loading=\"lazy\" decoding=\"async\" class=\" wp-image-5362 aligncenter\" src=\"https:\/\/www.odw.fr\/blog\/wp-content\/uploads\/2015\/08\/1_evian_2015_bouee_aotw-300x217.jpg\" alt=\"1_evian_2015_bouee_aotw\" width=\"323\" height=\"236\" \/><img loading=\"lazy\" decoding=\"async\" class=\"  wp-image-5363 aligncenter\" src=\"https:\/\/www.odw.fr\/blog\/wp-content\/uploads\/2015\/08\/2_evian_2015_cocotier_aotw-1-300x217.jpg\" alt=\"2_evian_2015_cocotier_aotw (1)\" width=\"327\" height=\"236\" srcset=\"https:\/\/www.odw.fr\/blog\/wp-content\/uploads\/2015\/08\/2_evian_2015_cocotier_aotw-1-300x217.jpg 300w, https:\/\/www.odw.fr\/blog\/wp-content\/uploads\/2015\/08\/2_evian_2015_cocotier_aotw-1-1024x740.jpg 1024w, https:\/\/www.odw.fr\/blog\/wp-content\/uploads\/2015\/08\/2_evian_2015_cocotier_aotw-1.jpg 1488w\" sizes=\"auto, (max-width: 327px) 100vw, 327px\" \/> <img loading=\"lazy\" decoding=\"async\" class=\"  wp-image-5364 aligncenter\" src=\"https:\/\/www.odw.fr\/blog\/wp-content\/uploads\/2015\/08\/3_evian_2015_plongeon_aotw-300x217.jpg\" alt=\"3_evian_2015_plongeon_aotw\" width=\"335\" height=\"237\" \/> <img loading=\"lazy\" decoding=\"async\" class=\"  wp-image-5365 aligncenter\" src=\"https:\/\/www.odw.fr\/blog\/wp-content\/uploads\/2015\/08\/4_evian_2015_transat_aotw-300x217.jpg\" alt=\"4_evian_2015_transat_aotw\" width=\"341\" height=\"239\" \/><\/p>\n<p>En avril 2015, Evian inaugure l&rsquo;arriv\u00e9e de l&rsquo;\u00e9t\u00e9 avec\u00a0<strong>Little Big Baby, une s\u00e9rie\u00a0d&rsquo;affiches jumelles<\/strong> sp\u00e9cialement con\u00e7ues pour fonctionner sur les portes coulissantes d&rsquo;ascenseurs en gare ou en grandes surfaces. Evian d\u00e9borde encore une fois de cr\u00e9ativit\u00e9 et d\u00e9cline le positionnement de l&rsquo;eau \u00ab\u00a0source de jeunesse\u00a0\u00bb en<strong> campagne trompe-l&rsquo;oeil.<\/strong><\/p>\n<h2>Pulco\u00a0: \u00ab\u00a0il fait trop chaud pour travailler\u00a0\u00bb<\/h2>\n<p>\u00ab\u00a0Il fait trop chaud pour travailler\u00a0\u00bb, ce n\u2019est pas seulement le slogan de l\u2019\u00e9t\u00e9 au sein des open spaces mais aussi le <strong>positionnement adopt\u00e9 avec humour<\/strong> par Pulco dans ce spot sorti en 2009 :<\/p>\n<p><iframe loading=\"lazy\" title=\"Pulco - Il fait trop chaud pour travailler\" width=\"500\" height=\"281\" src=\"https:\/\/www.youtube.com\/embed\/DrQSVZVOjVE?feature=oembed\" frameborder=\"0\" allow=\"accelerometer; autoplay; clipboard-write; encrypted-media; gyroscope; picture-in-picture; web-share\" referrerpolicy=\"strict-origin-when-cross-origin\" allowfullscreen><\/iframe><\/p>\n<p>Une campagne dans la lign\u00e9e de la signature \u00ab\u00a0la paresse a du bon\u00a0\u00bb d\u00e9velopp\u00e9e\u00a0par la marque depuis :<\/p>\n<p style=\"text-align: center\"><img loading=\"lazy\" decoding=\"async\" class=\"alignnone  wp-image-5397\" src=\"https:\/\/www.odw.fr\/blog\/wp-content\/uploads\/2015\/08\/pulco3-300x217.jpg\" alt=\"pulco3\" width=\"544\" height=\"360\" \/><\/p>\n<p style=\"text-align: center\">Pour Pulco, \u00ab\u00a0la paresse a du bon\u00a0\u00bb depuis 2014<\/p>\n<h2>Bear Naked arrose San Francisco<\/h2>\n<p><iframe loading=\"lazy\" title=\"Slip &amp; Slide down streets of San Francisco! - Bear Naked!\" width=\"500\" height=\"281\" src=\"https:\/\/www.youtube.com\/embed\/HHXdCIIGgXY?feature=oembed\" frameborder=\"0\" allow=\"accelerometer; autoplay; clipboard-write; encrypted-media; gyroscope; picture-in-picture; web-share\" referrerpolicy=\"strict-origin-when-cross-origin\" allowfullscreen><\/iframe><\/p>\n<p>Si la ville Californienne de San Francisco est habitu\u00e9e aux \u00e9t\u00e9s ensoleill\u00e9s, la<strong> campagne de street-marketing<\/strong> lanc\u00e9e en 2014 par la marque Bear Naked pour c\u00e9l\u00e9brer l\u2019arriv\u00e9e de l\u2019\u00e9t\u00e9 avait de quoi surprendre et ravir les habitants de la ville.<\/p>\n<p>Pour l\u2019occasion, cette marque de barres de c\u00e9r\u00e9ales a install\u00e9 tout simplement <strong>un toboggan aquatique g\u00e9ant<\/strong> sur une des collines de la ville et propose aux habitants de venir s\u2019y rafra\u00eechir.<\/p>\n<p>Un an apr\u00e8s, la vid\u00e9o de l\u2019\u00e9v\u00e9nement<strong> d\u00e9passe les quatre millions de vues<\/strong>\u2026 donnant \u00e0 esp\u00e9rer qu\u2019un annonceur passe par l\u00e0 et d\u00e9cline le concept chez nous. \u00c0\u00a0quand un toboggan g\u00e9ant sur les Buttes Montmartre\u00a0?<\/p>\n<h2>Lipton Afrique du Sud : chaud devant le streetmarketing<\/h2>\n<p>&nbsp;<\/p>\n<p><img loading=\"lazy\" decoding=\"async\" class=\" size-medium wp-image-5370 aligncenter\" src=\"https:\/\/www.odw.fr\/blog\/wp-content\/uploads\/2015\/08\/ice-tea-300x219.jpg\" alt=\"ice-tea\" width=\"300\" height=\"219\" \/>\u00a0 \u00a0<img loading=\"lazy\" decoding=\"async\" class=\" size-medium wp-image-5371 aligncenter\" src=\"https:\/\/www.odw.fr\/blog\/wp-content\/uploads\/2015\/08\/Lipton-Ice-Tea-Mometer-South-Africa-Stretch-604x334-300x166.png\" alt=\"Lipton-Ice-Tea-Mometer-South-Africa-Stretch-604x334\" width=\"300\" height=\"166\" srcset=\"https:\/\/www.odw.fr\/blog\/wp-content\/uploads\/2015\/08\/Lipton-Ice-Tea-Mometer-South-Africa-Stretch-604x334-300x166.png 300w, https:\/\/www.odw.fr\/blog\/wp-content\/uploads\/2015\/08\/Lipton-Ice-Tea-Mometer-South-Africa-Stretch-604x334-600x334.png 600w, https:\/\/www.odw.fr\/blog\/wp-content\/uploads\/2015\/08\/Lipton-Ice-Tea-Mometer-South-Africa-Stretch-604x334.png 604w\" sizes=\"auto, (max-width: 300px) 100vw, 300px\" \/><\/p>\n<p>En 2013 Litpon applique \u00e0 la lettre son positionnement \u00ab\u00a0never lose your cool\u00a0\u00bb et lance une <strong>campagne outdoor<\/strong> v\u00e9ritablement\u00a0rafra\u00eechissante.<\/p>\n<p>L&rsquo;op\u00e9ration repose en effet sur la mise en place d&rsquo;un <strong>Tea-mometer<\/strong>, distributeur de boisson \u00e9quip\u00e9 de capteurs\u00a0testant la chaleur corporelle des passants et<strong> offrant une boisson gratuite<\/strong> aux candidats \u00e0 la temp\u00e9rature corporelle suffisante.<\/p>\n<p>L&rsquo;occasion au passage pour la marque de filmer quelques r\u00e9actions\u00a0loufoques de passants pr\u00eats \u00e0 faire un peu d&rsquo;exercice pour un rafra\u00eechissement:<\/p>\n<p>https:\/\/www.youtube.com\/watch?v=xsAybm2wQ_U<\/p>\n<p>&nbsp;<\/p>\n","protected":false},"excerpt":{"rendered":"<p>Comme on peut s\u2019en douter, la canicule a un effet \u00ab\u00a0boule de neige\u00a0\u00bb sur certains comportements de\u00a0 consommation. Entre fin juin et d\u00e9but juillet, le [&#8230;]<\/p>\n","protected":false},"author":15,"featured_media":5444,"comment_status":"open","ping_status":"open","sticky":false,"template":"","format":"standard","meta":{"footnotes":""},"categories":[53],"tags":[993,992,991],"class_list":["post-5346","post","type-post","status-publish","format-standard","has-post-thumbnail","hentry","category-campagnes-publicitaires-2","tag-canicule","tag-perrier","tag-uber"],"yoast_head":"<!-- This site is optimized with the Yoast SEO plugin v27.3 - https:\/\/yoast.com\/product\/yoast-seo-wordpress\/ -->\n<title>Quand les marques adaptent leur marketing \u00e0 la canicule - Agence digitale ODW<\/title>\n<meta name=\"description\" content=\"Face \u00e0 la canicule, les ventes en ligne s\u2019envolent\u202f: +2467\u202f% sur ventilateurs, +1099\u202f% sur climatiseurs. Marques &amp; sites adaptent leur marketing avec cr\u00e9ativit\u00e9.\" \/>\n<meta name=\"robots\" content=\"index, follow, max-snippet:-1, max-image-preview:large, max-video-preview:-1\" \/>\n<link rel=\"canonical\" href=\"https:\/\/www.odw.fr\/blog\/campagnes-publicitaires-2\/quand-les-marques-adaptent-leur-marketing-a-la-canicule\/\" \/>\n<meta property=\"og:locale\" content=\"fr_FR\" \/>\n<meta property=\"og:type\" content=\"article\" \/>\n<meta property=\"og:title\" content=\"Quand les marques adaptent leur marketing \u00e0 la canicule - Agence digitale ODW\" \/>\n<meta property=\"og:description\" content=\"Face \u00e0 la canicule, les ventes en ligne s\u2019envolent\u202f: +2467\u202f% sur ventilateurs, +1099\u202f% sur climatiseurs. Marques &amp; sites adaptent leur marketing avec cr\u00e9ativit\u00e9.\" \/>\n<meta property=\"og:url\" content=\"https:\/\/www.odw.fr\/blog\/campagnes-publicitaires-2\/quand-les-marques-adaptent-leur-marketing-a-la-canicule\/\" \/>\n<meta property=\"og:site_name\" content=\"Agence digitale ODW\" \/>\n<meta property=\"article:published_time\" content=\"2015-08-19T08:51:12+00:00\" \/>\n<meta property=\"article:modified_time\" content=\"2025-08-07T09:00:20+00:00\" \/>\n<meta property=\"og:image\" content=\"https:\/\/www.odw.fr\/blog\/wp-content\/uploads\/2015\/08\/ampoule-fond-blanc-hd.png\" \/>\n\t<meta property=\"og:image:width\" content=\"600\" \/>\n\t<meta property=\"og:image:height\" content=\"400\" \/>\n\t<meta property=\"og:image:type\" content=\"image\/png\" \/>\n<meta name=\"author\" content=\"Antoine\" \/>\n<meta name=\"twitter:card\" content=\"summary_large_image\" \/>\n<meta name=\"twitter:label1\" content=\"\u00c9crit par\" \/>\n\t<meta name=\"twitter:data1\" content=\"Antoine\" \/>\n\t<meta name=\"twitter:label2\" content=\"Dur\u00e9e de lecture estim\u00e9e\" \/>\n\t<meta name=\"twitter:data2\" content=\"7 minutes\" \/>\n<script type=\"application\/ld+json\" class=\"yoast-schema-graph\">{\"@context\":\"https:\\\/\\\/schema.org\",\"@graph\":[{\"@type\":\"Article\",\"@id\":\"https:\\\/\\\/www.odw.fr\\\/blog\\\/campagnes-publicitaires-2\\\/quand-les-marques-adaptent-leur-marketing-a-la-canicule\\\/#article\",\"isPartOf\":{\"@id\":\"https:\\\/\\\/www.odw.fr\\\/blog\\\/campagnes-publicitaires-2\\\/quand-les-marques-adaptent-leur-marketing-a-la-canicule\\\/\"},\"author\":{\"name\":\"Antoine\",\"@id\":\"https:\\\/\\\/www.odw.fr\\\/blog\\\/#\\\/schema\\\/person\\\/853e73e1d0f68fbd976a5d760d66bd7e\"},\"headline\":\"Quand les marques adaptent leur marketing \u00e0 la canicule\",\"datePublished\":\"2015-08-19T08:51:12+00:00\",\"dateModified\":\"2025-08-07T09:00:20+00:00\",\"mainEntityOfPage\":{\"@id\":\"https:\\\/\\\/www.odw.fr\\\/blog\\\/campagnes-publicitaires-2\\\/quand-les-marques-adaptent-leur-marketing-a-la-canicule\\\/\"},\"wordCount\":834,\"commentCount\":0,\"image\":{\"@id\":\"https:\\\/\\\/www.odw.fr\\\/blog\\\/campagnes-publicitaires-2\\\/quand-les-marques-adaptent-leur-marketing-a-la-canicule\\\/#primaryimage\"},\"thumbnailUrl\":\"https:\\\/\\\/www.odw.fr\\\/blog\\\/wp-content\\\/uploads\\\/2015\\\/08\\\/ampoule-fond-blanc-hd.png\",\"keywords\":[\"canicule\",\"perrier\",\"uber\"],\"articleSection\":[\"Campagnes publicitaires\"],\"inLanguage\":\"fr-FR\",\"potentialAction\":[{\"@type\":\"CommentAction\",\"name\":\"Comment\",\"target\":[\"https:\\\/\\\/www.odw.fr\\\/blog\\\/campagnes-publicitaires-2\\\/quand-les-marques-adaptent-leur-marketing-a-la-canicule\\\/#respond\"]}]},{\"@type\":\"WebPage\",\"@id\":\"https:\\\/\\\/www.odw.fr\\\/blog\\\/campagnes-publicitaires-2\\\/quand-les-marques-adaptent-leur-marketing-a-la-canicule\\\/\",\"url\":\"https:\\\/\\\/www.odw.fr\\\/blog\\\/campagnes-publicitaires-2\\\/quand-les-marques-adaptent-leur-marketing-a-la-canicule\\\/\",\"name\":\"Quand les marques adaptent leur marketing \u00e0 la canicule - Agence digitale ODW\",\"isPartOf\":{\"@id\":\"https:\\\/\\\/www.odw.fr\\\/blog\\\/#website\"},\"primaryImageOfPage\":{\"@id\":\"https:\\\/\\\/www.odw.fr\\\/blog\\\/campagnes-publicitaires-2\\\/quand-les-marques-adaptent-leur-marketing-a-la-canicule\\\/#primaryimage\"},\"image\":{\"@id\":\"https:\\\/\\\/www.odw.fr\\\/blog\\\/campagnes-publicitaires-2\\\/quand-les-marques-adaptent-leur-marketing-a-la-canicule\\\/#primaryimage\"},\"thumbnailUrl\":\"https:\\\/\\\/www.odw.fr\\\/blog\\\/wp-content\\\/uploads\\\/2015\\\/08\\\/ampoule-fond-blanc-hd.png\",\"datePublished\":\"2015-08-19T08:51:12+00:00\",\"dateModified\":\"2025-08-07T09:00:20+00:00\",\"author\":{\"@id\":\"https:\\\/\\\/www.odw.fr\\\/blog\\\/#\\\/schema\\\/person\\\/853e73e1d0f68fbd976a5d760d66bd7e\"},\"description\":\"Face \u00e0 la canicule, les ventes en ligne s\u2019envolent\u202f: +2467\u202f% sur ventilateurs, +1099\u202f% sur climatiseurs. Marques & sites adaptent leur marketing avec cr\u00e9ativit\u00e9.\",\"breadcrumb\":{\"@id\":\"https:\\\/\\\/www.odw.fr\\\/blog\\\/campagnes-publicitaires-2\\\/quand-les-marques-adaptent-leur-marketing-a-la-canicule\\\/#breadcrumb\"},\"inLanguage\":\"fr-FR\",\"potentialAction\":[{\"@type\":\"ReadAction\",\"target\":[\"https:\\\/\\\/www.odw.fr\\\/blog\\\/campagnes-publicitaires-2\\\/quand-les-marques-adaptent-leur-marketing-a-la-canicule\\\/\"]}]},{\"@type\":\"ImageObject\",\"inLanguage\":\"fr-FR\",\"@id\":\"https:\\\/\\\/www.odw.fr\\\/blog\\\/campagnes-publicitaires-2\\\/quand-les-marques-adaptent-leur-marketing-a-la-canicule\\\/#primaryimage\",\"url\":\"https:\\\/\\\/www.odw.fr\\\/blog\\\/wp-content\\\/uploads\\\/2015\\\/08\\\/ampoule-fond-blanc-hd.png\",\"contentUrl\":\"https:\\\/\\\/www.odw.fr\\\/blog\\\/wp-content\\\/uploads\\\/2015\\\/08\\\/ampoule-fond-blanc-hd.png\",\"width\":600,\"height\":400},{\"@type\":\"BreadcrumbList\",\"@id\":\"https:\\\/\\\/www.odw.fr\\\/blog\\\/campagnes-publicitaires-2\\\/quand-les-marques-adaptent-leur-marketing-a-la-canicule\\\/#breadcrumb\",\"itemListElement\":[{\"@type\":\"ListItem\",\"position\":1,\"name\":\"Accueil\",\"item\":\"https:\\\/\\\/www.odw.fr\\\/blog\\\/\"},{\"@type\":\"ListItem\",\"position\":2,\"name\":\"Quand les marques adaptent leur marketing \u00e0 la canicule\"}]},{\"@type\":\"WebSite\",\"@id\":\"https:\\\/\\\/www.odw.fr\\\/blog\\\/#website\",\"url\":\"https:\\\/\\\/www.odw.fr\\\/blog\\\/\",\"name\":\"Agence digitale ODW\",\"description\":\"Conseil en communication digitale\",\"potentialAction\":[{\"@type\":\"SearchAction\",\"target\":{\"@type\":\"EntryPoint\",\"urlTemplate\":\"https:\\\/\\\/www.odw.fr\\\/blog\\\/?s={search_term_string}\"},\"query-input\":{\"@type\":\"PropertyValueSpecification\",\"valueRequired\":true,\"valueName\":\"search_term_string\"}}],\"inLanguage\":\"fr-FR\"},{\"@type\":\"Person\",\"@id\":\"https:\\\/\\\/www.odw.fr\\\/blog\\\/#\\\/schema\\\/person\\\/853e73e1d0f68fbd976a5d760d66bd7e\",\"name\":\"Antoine\",\"image\":{\"@type\":\"ImageObject\",\"inLanguage\":\"fr-FR\",\"@id\":\"https:\\\/\\\/secure.gravatar.com\\\/avatar\\\/460529a6908a61282d9c4e4ced4807a30c06d64b4a015173ad93fd923842861e?s=96&d=retro&r=g\",\"url\":\"https:\\\/\\\/secure.gravatar.com\\\/avatar\\\/460529a6908a61282d9c4e4ced4807a30c06d64b4a015173ad93fd923842861e?s=96&d=retro&r=g\",\"contentUrl\":\"https:\\\/\\\/secure.gravatar.com\\\/avatar\\\/460529a6908a61282d9c4e4ced4807a30c06d64b4a015173ad93fd923842861e?s=96&d=retro&r=g\",\"caption\":\"Antoine\"},\"sameAs\":[\"https:\\\/\\\/www.odw.fr\"]}]}<\/script>\n<!-- \/ Yoast SEO plugin. -->","yoast_head_json":{"title":"Quand les marques adaptent leur marketing \u00e0 la canicule - Agence digitale ODW","description":"Face \u00e0 la canicule, les ventes en ligne s\u2019envolent\u202f: +2467\u202f% sur ventilateurs, +1099\u202f% sur climatiseurs. Marques & sites adaptent leur marketing avec cr\u00e9ativit\u00e9.","robots":{"index":"index","follow":"follow","max-snippet":"max-snippet:-1","max-image-preview":"max-image-preview:large","max-video-preview":"max-video-preview:-1"},"canonical":"https:\/\/www.odw.fr\/blog\/campagnes-publicitaires-2\/quand-les-marques-adaptent-leur-marketing-a-la-canicule\/","og_locale":"fr_FR","og_type":"article","og_title":"Quand les marques adaptent leur marketing \u00e0 la canicule - Agence digitale ODW","og_description":"Face \u00e0 la canicule, les ventes en ligne s\u2019envolent\u202f: +2467\u202f% sur ventilateurs, +1099\u202f% sur climatiseurs. Marques & sites adaptent leur marketing avec cr\u00e9ativit\u00e9.","og_url":"https:\/\/www.odw.fr\/blog\/campagnes-publicitaires-2\/quand-les-marques-adaptent-leur-marketing-a-la-canicule\/","og_site_name":"Agence digitale ODW","article_published_time":"2015-08-19T08:51:12+00:00","article_modified_time":"2025-08-07T09:00:20+00:00","og_image":[{"width":600,"height":400,"url":"https:\/\/www.odw.fr\/blog\/wp-content\/uploads\/2015\/08\/ampoule-fond-blanc-hd.png","type":"image\/png"}],"author":"Antoine","twitter_card":"summary_large_image","twitter_misc":{"\u00c9crit par":"Antoine","Dur\u00e9e de lecture estim\u00e9e":"7 minutes"},"schema":{"@context":"https:\/\/schema.org","@graph":[{"@type":"Article","@id":"https:\/\/www.odw.fr\/blog\/campagnes-publicitaires-2\/quand-les-marques-adaptent-leur-marketing-a-la-canicule\/#article","isPartOf":{"@id":"https:\/\/www.odw.fr\/blog\/campagnes-publicitaires-2\/quand-les-marques-adaptent-leur-marketing-a-la-canicule\/"},"author":{"name":"Antoine","@id":"https:\/\/www.odw.fr\/blog\/#\/schema\/person\/853e73e1d0f68fbd976a5d760d66bd7e"},"headline":"Quand les marques adaptent leur marketing \u00e0 la canicule","datePublished":"2015-08-19T08:51:12+00:00","dateModified":"2025-08-07T09:00:20+00:00","mainEntityOfPage":{"@id":"https:\/\/www.odw.fr\/blog\/campagnes-publicitaires-2\/quand-les-marques-adaptent-leur-marketing-a-la-canicule\/"},"wordCount":834,"commentCount":0,"image":{"@id":"https:\/\/www.odw.fr\/blog\/campagnes-publicitaires-2\/quand-les-marques-adaptent-leur-marketing-a-la-canicule\/#primaryimage"},"thumbnailUrl":"https:\/\/www.odw.fr\/blog\/wp-content\/uploads\/2015\/08\/ampoule-fond-blanc-hd.png","keywords":["canicule","perrier","uber"],"articleSection":["Campagnes publicitaires"],"inLanguage":"fr-FR","potentialAction":[{"@type":"CommentAction","name":"Comment","target":["https:\/\/www.odw.fr\/blog\/campagnes-publicitaires-2\/quand-les-marques-adaptent-leur-marketing-a-la-canicule\/#respond"]}]},{"@type":"WebPage","@id":"https:\/\/www.odw.fr\/blog\/campagnes-publicitaires-2\/quand-les-marques-adaptent-leur-marketing-a-la-canicule\/","url":"https:\/\/www.odw.fr\/blog\/campagnes-publicitaires-2\/quand-les-marques-adaptent-leur-marketing-a-la-canicule\/","name":"Quand les marques adaptent leur marketing \u00e0 la canicule - Agence digitale ODW","isPartOf":{"@id":"https:\/\/www.odw.fr\/blog\/#website"},"primaryImageOfPage":{"@id":"https:\/\/www.odw.fr\/blog\/campagnes-publicitaires-2\/quand-les-marques-adaptent-leur-marketing-a-la-canicule\/#primaryimage"},"image":{"@id":"https:\/\/www.odw.fr\/blog\/campagnes-publicitaires-2\/quand-les-marques-adaptent-leur-marketing-a-la-canicule\/#primaryimage"},"thumbnailUrl":"https:\/\/www.odw.fr\/blog\/wp-content\/uploads\/2015\/08\/ampoule-fond-blanc-hd.png","datePublished":"2015-08-19T08:51:12+00:00","dateModified":"2025-08-07T09:00:20+00:00","author":{"@id":"https:\/\/www.odw.fr\/blog\/#\/schema\/person\/853e73e1d0f68fbd976a5d760d66bd7e"},"description":"Face \u00e0 la canicule, les ventes en ligne s\u2019envolent\u202f: +2467\u202f% sur ventilateurs, +1099\u202f% sur climatiseurs. Marques & sites adaptent leur marketing avec cr\u00e9ativit\u00e9.","breadcrumb":{"@id":"https:\/\/www.odw.fr\/blog\/campagnes-publicitaires-2\/quand-les-marques-adaptent-leur-marketing-a-la-canicule\/#breadcrumb"},"inLanguage":"fr-FR","potentialAction":[{"@type":"ReadAction","target":["https:\/\/www.odw.fr\/blog\/campagnes-publicitaires-2\/quand-les-marques-adaptent-leur-marketing-a-la-canicule\/"]}]},{"@type":"ImageObject","inLanguage":"fr-FR","@id":"https:\/\/www.odw.fr\/blog\/campagnes-publicitaires-2\/quand-les-marques-adaptent-leur-marketing-a-la-canicule\/#primaryimage","url":"https:\/\/www.odw.fr\/blog\/wp-content\/uploads\/2015\/08\/ampoule-fond-blanc-hd.png","contentUrl":"https:\/\/www.odw.fr\/blog\/wp-content\/uploads\/2015\/08\/ampoule-fond-blanc-hd.png","width":600,"height":400},{"@type":"BreadcrumbList","@id":"https:\/\/www.odw.fr\/blog\/campagnes-publicitaires-2\/quand-les-marques-adaptent-leur-marketing-a-la-canicule\/#breadcrumb","itemListElement":[{"@type":"ListItem","position":1,"name":"Accueil","item":"https:\/\/www.odw.fr\/blog\/"},{"@type":"ListItem","position":2,"name":"Quand les marques adaptent leur marketing \u00e0 la canicule"}]},{"@type":"WebSite","@id":"https:\/\/www.odw.fr\/blog\/#website","url":"https:\/\/www.odw.fr\/blog\/","name":"Agence digitale ODW","description":"Conseil en communication digitale","potentialAction":[{"@type":"SearchAction","target":{"@type":"EntryPoint","urlTemplate":"https:\/\/www.odw.fr\/blog\/?s={search_term_string}"},"query-input":{"@type":"PropertyValueSpecification","valueRequired":true,"valueName":"search_term_string"}}],"inLanguage":"fr-FR"},{"@type":"Person","@id":"https:\/\/www.odw.fr\/blog\/#\/schema\/person\/853e73e1d0f68fbd976a5d760d66bd7e","name":"Antoine","image":{"@type":"ImageObject","inLanguage":"fr-FR","@id":"https:\/\/secure.gravatar.com\/avatar\/460529a6908a61282d9c4e4ced4807a30c06d64b4a015173ad93fd923842861e?s=96&d=retro&r=g","url":"https:\/\/secure.gravatar.com\/avatar\/460529a6908a61282d9c4e4ced4807a30c06d64b4a015173ad93fd923842861e?s=96&d=retro&r=g","contentUrl":"https:\/\/secure.gravatar.com\/avatar\/460529a6908a61282d9c4e4ced4807a30c06d64b4a015173ad93fd923842861e?s=96&d=retro&r=g","caption":"Antoine"},"sameAs":["https:\/\/www.odw.fr"]}]}},"_links":{"self":[{"href":"https:\/\/www.odw.fr\/blog\/wp-json\/wp\/v2\/posts\/5346","targetHints":{"allow":["GET"]}}],"collection":[{"href":"https:\/\/www.odw.fr\/blog\/wp-json\/wp\/v2\/posts"}],"about":[{"href":"https:\/\/www.odw.fr\/blog\/wp-json\/wp\/v2\/types\/post"}],"author":[{"embeddable":true,"href":"https:\/\/www.odw.fr\/blog\/wp-json\/wp\/v2\/users\/15"}],"replies":[{"embeddable":true,"href":"https:\/\/www.odw.fr\/blog\/wp-json\/wp\/v2\/comments?post=5346"}],"version-history":[{"count":0,"href":"https:\/\/www.odw.fr\/blog\/wp-json\/wp\/v2\/posts\/5346\/revisions"}],"wp:featuredmedia":[{"embeddable":true,"href":"https:\/\/www.odw.fr\/blog\/wp-json\/wp\/v2\/media\/5444"}],"wp:attachment":[{"href":"https:\/\/www.odw.fr\/blog\/wp-json\/wp\/v2\/media?parent=5346"}],"wp:term":[{"taxonomy":"category","embeddable":true,"href":"https:\/\/www.odw.fr\/blog\/wp-json\/wp\/v2\/categories?post=5346"},{"taxonomy":"post_tag","embeddable":true,"href":"https:\/\/www.odw.fr\/blog\/wp-json\/wp\/v2\/tags?post=5346"}],"curies":[{"name":"wp","href":"https:\/\/api.w.org\/{rel}","templated":true}]}}