{"id":6017,"date":"2016-04-26T09:00:37","date_gmt":"2016-04-26T07:00:37","guid":{"rendered":"https:\/\/www.odw.fr\/blog\/?p=6017"},"modified":"2025-05-25T10:20:53","modified_gmt":"2025-05-25T08:20:53","slug":"recherche-vocale-va-bouleverser-seo","status":"publish","type":"post","link":"https:\/\/www.odw.fr\/blog\/referencement\/recherche-vocale-va-bouleverser-seo\/","title":{"rendered":"La recherche vocale va-t-elle bouleverser le SEO ?"},"content":{"rendered":"<p>On a tous entendu parler de la recherche vocale, cependant nous sommes encore nombreux \u00e0 \u00eatre r\u00e9ticents quant \u00e0 son utilisation. Tout du moins en France, car de l\u2019autre c\u00f4t\u00e9 de l\u2019Atlantique <strong>un am\u00e9ricain sur quatre<\/strong> utilise d\u00e9j\u00e0 cette technologie quotidiennement pour effectuer une recherche sur le web.<\/p>\n<p>Dans l\u2019imaginaire collectif, la recherche vocale renvoie r\u00e9guli\u00e8rement \u00e0 un r\u00e9sultat approximatif ou \u00e0 une erreur de compr\u00e9hension. Toutefois, cette \u00e8re semble r\u00e9volue. D\u00e9sormais, la recherche vocale de Google a un<strong> taux d\u2019erreur de 8%<\/strong> contre 23% en 2013 ce qui la situe non loin du taux d\u2019erreur manuscrit (4%).<\/p>\n<p>Aussi, l\u2019\u00e9mergence et la prolif\u00e9ration des objets connect\u00e9s favorisent son utilisation.\u00a0Il est temps de s\u2019y faire, la recherche vocale arrive \u00e0 maturit\u00e9 et <strong>quelques changements sont \u00e0 pr\u00e9voir concernant le SEO. <\/strong><\/p>\n<h2>L\u2019\u00e9mergence des mots cl\u00e9s de longue tra\u00eene<\/h2>\n<p>La recherche de mots cl\u00e9s pertinents et qualifi\u00e9s est la base du <a href=\"https:\/\/www.odw.fr\/expertises\/agence-seo\/\">m\u00e9tier de r\u00e9f\u00e9renceur<\/a>. Actuellement, un mot cl\u00e9 est g\u00e9n\u00e9ralement court \u2013 entre 1 et 2 mots maximum \u2013 et ne poss\u00e8de pas toujours une syntaxe correcte.<\/p>\n<p>C\u2019est probablement sur ce point que le SEO va \u00e9voluer le plus fortement. La recherche vocale risque de favoriser la recherche dite \u00ab\u00a0<strong>de longue tra\u00eene<\/strong>\u00a0\u00bb, c&rsquo;est-\u00e0-dire bas\u00e9e sur un plus grand nombre de mots. Une recherche plus spontan\u00e9e, naturelle et sous forme interrogative\u00a0! L\u2019int\u00e9r\u00eat n\u2019est plus de se focaliser sur l\u2019\u00e9tude de diff\u00e9rents mots-cl\u00e9s pour optimiser une page, mais <strong>de cibler un th\u00e8me pr\u00e9cis et de r\u00e9pondre \u00e0 la question<\/strong> \u00e0 laquelle sa page web se r\u00e9f\u00e8re.<\/p>\n<p>L\u2019objectif devient donc de se positionner comme <strong>le sp\u00e9cialiste de la question<\/strong> et des recherches associ\u00e9es. <strong>Comment, Pourquoi, Qui, Quand, O\u00f9, Comment et Combien<\/strong> vont devenir vos meilleurs amis. Si vous en doutez encore, il suffit d\u2019effectuer une recherche sur <a href=\"https:\/\/trends.google.fr\/home?geo=FR\" target=\"_blank\" rel=\"noopener\">Google trends<\/a> pour s\u2019apercevoir que la tendance des recherches sous forme interrogative ne cesse d\u2019\u00eatre \u00e0 la hausse ces derni\u00e8res ann\u00e9es.<\/p>\n<p><img loading=\"lazy\" decoding=\"async\" class=\" wp-image-6018 aligncenter\" src=\"https:\/\/www.odw.fr\/blog\/wp-content\/uploads\/2016\/04\/Tendance-des-recherches.png\" alt=\"Recherche vocale : Tendance des recherches, google trend\" width=\"746\" height=\"395\" srcset=\"https:\/\/www.odw.fr\/blog\/wp-content\/uploads\/2016\/04\/Tendance-des-recherches.png 897w, https:\/\/www.odw.fr\/blog\/wp-content\/uploads\/2016\/04\/Tendance-des-recherches-300x159.png 300w, https:\/\/www.odw.fr\/blog\/wp-content\/uploads\/2016\/04\/Tendance-des-recherches-768x407.png 768w\" sizes=\"auto, (max-width: 746px) 100vw, 746px\" \/><\/p>\n<h2>Pourquoi se positionner sur ces requ\u00eates\u00a0?<\/h2>\n<p>Ne tournons pas autour du pot, <strong>la recherche vocale<\/strong> se traduira probablement par une<strong> recherche directe<\/strong>. L\u2019expert de la question pos\u00e9e dont le contenu sera le plus pertinent se verra sans aucun doute\u00a0offrir la premi\u00e8re place sur Google.<\/p>\n<p>La question qui se pose alors est de savoir quelle forme prendront ces r\u00e9sultats de recherches : un encart Google\u00a0? Une fiche informationnelle via le Knowledge Graph\u00a0? Une redirection directe vers le site\u00a0? Pour le moment, la question reste sans r\u00e9ponse, mais chacun y va de son propre avis.<\/p>\n<p>Bien que l\u2019av\u00e8nement de la recherche vocale approche, il n\u2019est pas pour autant question de laisser tomber les mots cl\u00e9s traditionnels dont leur importance reste significative. Il est davantage question de coupler l\u2019ensemble\u00a0et\u00a0surtout de s\u2019y pr\u00e9parer, car &#8211; selon une \u00e9tude publi\u00e9e par la soci\u00e9t\u00e9 am\u00e9ricaine MindMeld <strong>&#8211; une personne sur deux effectuera sa recherche sur le web de mani\u00e8re vocale d\u00e8s 2020<\/strong>.<\/p>\n","protected":false},"excerpt":{"rendered":"<p>On a tous entendu parler de la recherche vocale, cependant nous sommes encore nombreux \u00e0 \u00eatre r\u00e9ticents quant \u00e0 son utilisation. Tout du moins en [&#8230;]<\/p>\n","protected":false},"author":16,"featured_media":6026,"comment_status":"open","ping_status":"open","sticky":false,"template":"","format":"standard","meta":{"footnotes":""},"categories":[7],"tags":[],"class_list":["post-6017","post","type-post","status-publish","format-standard","has-post-thumbnail","hentry","category-referencement"],"yoast_head":"<!-- This site is optimized with the Yoast SEO plugin v27.3 - https:\/\/yoast.com\/product\/yoast-seo-wordpress\/ -->\n<title>Recherche vocale et SEO : les enjeux - Agence ODW<\/title>\n<meta name=\"description\" content=\"L&#039;arriv\u00e9e \u00e0 maturit\u00e9 de la recherche vocale impactera-elle le r\u00e9f\u00e9rencement naturel ? Une question \u00e0 laquelle nous essayons de r\u00e9pondre.\" \/>\n<meta name=\"robots\" content=\"index, follow, max-snippet:-1, max-image-preview:large, max-video-preview:-1\" \/>\n<link rel=\"canonical\" href=\"https:\/\/www.odw.fr\/blog\/referencement\/recherche-vocale-va-bouleverser-seo\/\" \/>\n<meta property=\"og:locale\" content=\"fr_FR\" \/>\n<meta property=\"og:type\" content=\"article\" \/>\n<meta property=\"og:title\" content=\"Recherche vocale et SEO : les enjeux - Agence ODW\" \/>\n<meta property=\"og:description\" content=\"L&#039;arriv\u00e9e \u00e0 maturit\u00e9 de la recherche vocale impactera-elle le r\u00e9f\u00e9rencement naturel ? Une question \u00e0 laquelle nous essayons de r\u00e9pondre.\" \/>\n<meta property=\"og:url\" content=\"https:\/\/www.odw.fr\/blog\/referencement\/recherche-vocale-va-bouleverser-seo\/\" \/>\n<meta property=\"og:site_name\" content=\"Agence digitale ODW\" \/>\n<meta property=\"article:published_time\" content=\"2016-04-26T07:00:37+00:00\" \/>\n<meta property=\"article:modified_time\" content=\"2025-05-25T08:20:53+00:00\" \/>\n<meta property=\"og:image\" content=\"https:\/\/www.odw.fr\/blog\/wp-content\/uploads\/2016\/04\/Recherche-Vocale-1-1.jpg\" \/>\n\t<meta property=\"og:image:width\" content=\"700\" \/>\n\t<meta property=\"og:image:height\" content=\"550\" \/>\n\t<meta property=\"og:image:type\" content=\"image\/jpeg\" \/>\n<meta name=\"author\" content=\"Florent Boquier\" \/>\n<meta name=\"twitter:card\" content=\"summary_large_image\" \/>\n<meta name=\"twitter:label1\" content=\"\u00c9crit par\" \/>\n\t<meta name=\"twitter:data1\" content=\"Florent Boquier\" \/>\n\t<meta name=\"twitter:label2\" content=\"Dur\u00e9e de lecture estim\u00e9e\" \/>\n\t<meta name=\"twitter:data2\" content=\"3 minutes\" \/>\n<script type=\"application\/ld+json\" class=\"yoast-schema-graph\">{\"@context\":\"https:\\\/\\\/schema.org\",\"@graph\":[{\"@type\":\"Article\",\"@id\":\"https:\\\/\\\/www.odw.fr\\\/blog\\\/referencement\\\/recherche-vocale-va-bouleverser-seo\\\/#article\",\"isPartOf\":{\"@id\":\"https:\\\/\\\/www.odw.fr\\\/blog\\\/referencement\\\/recherche-vocale-va-bouleverser-seo\\\/\"},\"author\":{\"name\":\"Florent Boquier\",\"@id\":\"https:\\\/\\\/www.odw.fr\\\/blog\\\/#\\\/schema\\\/person\\\/b47d4f831946f6eec9cc94e4f0de8673\"},\"headline\":\"La recherche vocale va-t-elle bouleverser le SEO ?\",\"datePublished\":\"2016-04-26T07:00:37+00:00\",\"dateModified\":\"2025-05-25T08:20:53+00:00\",\"mainEntityOfPage\":{\"@id\":\"https:\\\/\\\/www.odw.fr\\\/blog\\\/referencement\\\/recherche-vocale-va-bouleverser-seo\\\/\"},\"wordCount\":535,\"commentCount\":0,\"image\":{\"@id\":\"https:\\\/\\\/www.odw.fr\\\/blog\\\/referencement\\\/recherche-vocale-va-bouleverser-seo\\\/#primaryimage\"},\"thumbnailUrl\":\"https:\\\/\\\/www.odw.fr\\\/blog\\\/wp-content\\\/uploads\\\/2016\\\/04\\\/Recherche-Vocale-1-1.jpg\",\"articleSection\":[\"R\u00e9f\u00e9rencement\"],\"inLanguage\":\"fr-FR\",\"potentialAction\":[{\"@type\":\"CommentAction\",\"name\":\"Comment\",\"target\":[\"https:\\\/\\\/www.odw.fr\\\/blog\\\/referencement\\\/recherche-vocale-va-bouleverser-seo\\\/#respond\"]}]},{\"@type\":\"WebPage\",\"@id\":\"https:\\\/\\\/www.odw.fr\\\/blog\\\/referencement\\\/recherche-vocale-va-bouleverser-seo\\\/\",\"url\":\"https:\\\/\\\/www.odw.fr\\\/blog\\\/referencement\\\/recherche-vocale-va-bouleverser-seo\\\/\",\"name\":\"Recherche vocale et SEO : les enjeux - Agence ODW\",\"isPartOf\":{\"@id\":\"https:\\\/\\\/www.odw.fr\\\/blog\\\/#website\"},\"primaryImageOfPage\":{\"@id\":\"https:\\\/\\\/www.odw.fr\\\/blog\\\/referencement\\\/recherche-vocale-va-bouleverser-seo\\\/#primaryimage\"},\"image\":{\"@id\":\"https:\\\/\\\/www.odw.fr\\\/blog\\\/referencement\\\/recherche-vocale-va-bouleverser-seo\\\/#primaryimage\"},\"thumbnailUrl\":\"https:\\\/\\\/www.odw.fr\\\/blog\\\/wp-content\\\/uploads\\\/2016\\\/04\\\/Recherche-Vocale-1-1.jpg\",\"datePublished\":\"2016-04-26T07:00:37+00:00\",\"dateModified\":\"2025-05-25T08:20:53+00:00\",\"author\":{\"@id\":\"https:\\\/\\\/www.odw.fr\\\/blog\\\/#\\\/schema\\\/person\\\/b47d4f831946f6eec9cc94e4f0de8673\"},\"description\":\"L'arriv\u00e9e \u00e0 maturit\u00e9 de la recherche vocale impactera-elle le r\u00e9f\u00e9rencement naturel ? Une question \u00e0 laquelle nous essayons de r\u00e9pondre.\",\"breadcrumb\":{\"@id\":\"https:\\\/\\\/www.odw.fr\\\/blog\\\/referencement\\\/recherche-vocale-va-bouleverser-seo\\\/#breadcrumb\"},\"inLanguage\":\"fr-FR\",\"potentialAction\":[{\"@type\":\"ReadAction\",\"target\":[\"https:\\\/\\\/www.odw.fr\\\/blog\\\/referencement\\\/recherche-vocale-va-bouleverser-seo\\\/\"]}]},{\"@type\":\"ImageObject\",\"inLanguage\":\"fr-FR\",\"@id\":\"https:\\\/\\\/www.odw.fr\\\/blog\\\/referencement\\\/recherche-vocale-va-bouleverser-seo\\\/#primaryimage\",\"url\":\"https:\\\/\\\/www.odw.fr\\\/blog\\\/wp-content\\\/uploads\\\/2016\\\/04\\\/Recherche-Vocale-1-1.jpg\",\"contentUrl\":\"https:\\\/\\\/www.odw.fr\\\/blog\\\/wp-content\\\/uploads\\\/2016\\\/04\\\/Recherche-Vocale-1-1.jpg\",\"width\":700,\"height\":550,\"caption\":\"SEO, recherche vocale, Ok Google, r\u00e9f\u00e9rencement\"},{\"@type\":\"BreadcrumbList\",\"@id\":\"https:\\\/\\\/www.odw.fr\\\/blog\\\/referencement\\\/recherche-vocale-va-bouleverser-seo\\\/#breadcrumb\",\"itemListElement\":[{\"@type\":\"ListItem\",\"position\":1,\"name\":\"Accueil\",\"item\":\"https:\\\/\\\/www.odw.fr\\\/blog\\\/\"},{\"@type\":\"ListItem\",\"position\":2,\"name\":\"La recherche vocale va-t-elle bouleverser le SEO ?\"}]},{\"@type\":\"WebSite\",\"@id\":\"https:\\\/\\\/www.odw.fr\\\/blog\\\/#website\",\"url\":\"https:\\\/\\\/www.odw.fr\\\/blog\\\/\",\"name\":\"Agence digitale ODW\",\"description\":\"Conseil en communication digitale\",\"potentialAction\":[{\"@type\":\"SearchAction\",\"target\":{\"@type\":\"EntryPoint\",\"urlTemplate\":\"https:\\\/\\\/www.odw.fr\\\/blog\\\/?s={search_term_string}\"},\"query-input\":{\"@type\":\"PropertyValueSpecification\",\"valueRequired\":true,\"valueName\":\"search_term_string\"}}],\"inLanguage\":\"fr-FR\"},{\"@type\":\"Person\",\"@id\":\"https:\\\/\\\/www.odw.fr\\\/blog\\\/#\\\/schema\\\/person\\\/b47d4f831946f6eec9cc94e4f0de8673\",\"name\":\"Florent Boquier\",\"image\":{\"@type\":\"ImageObject\",\"inLanguage\":\"fr-FR\",\"@id\":\"https:\\\/\\\/secure.gravatar.com\\\/avatar\\\/6cd6f2ee93c2238a91c6e5ba481918751badfa51a1f9b1b997bb18701c1bc1eb?s=96&d=retro&r=g\",\"url\":\"https:\\\/\\\/secure.gravatar.com\\\/avatar\\\/6cd6f2ee93c2238a91c6e5ba481918751badfa51a1f9b1b997bb18701c1bc1eb?s=96&d=retro&r=g\",\"contentUrl\":\"https:\\\/\\\/secure.gravatar.com\\\/avatar\\\/6cd6f2ee93c2238a91c6e5ba481918751badfa51a1f9b1b997bb18701c1bc1eb?s=96&d=retro&r=g\",\"caption\":\"Florent Boquier\"},\"description\":\"Assistant Chef de projet SEO\",\"sameAs\":[\"https:\\\/\\\/www.odw.fr\"]}]}<\/script>\n<!-- \/ Yoast SEO plugin. -->","yoast_head_json":{"title":"Recherche vocale et SEO : les enjeux - Agence ODW","description":"L'arriv\u00e9e \u00e0 maturit\u00e9 de la recherche vocale impactera-elle le r\u00e9f\u00e9rencement naturel ? Une question \u00e0 laquelle nous essayons de r\u00e9pondre.","robots":{"index":"index","follow":"follow","max-snippet":"max-snippet:-1","max-image-preview":"max-image-preview:large","max-video-preview":"max-video-preview:-1"},"canonical":"https:\/\/www.odw.fr\/blog\/referencement\/recherche-vocale-va-bouleverser-seo\/","og_locale":"fr_FR","og_type":"article","og_title":"Recherche vocale et SEO : les enjeux - Agence ODW","og_description":"L'arriv\u00e9e \u00e0 maturit\u00e9 de la recherche vocale impactera-elle le r\u00e9f\u00e9rencement naturel ? Une question \u00e0 laquelle nous essayons de r\u00e9pondre.","og_url":"https:\/\/www.odw.fr\/blog\/referencement\/recherche-vocale-va-bouleverser-seo\/","og_site_name":"Agence digitale ODW","article_published_time":"2016-04-26T07:00:37+00:00","article_modified_time":"2025-05-25T08:20:53+00:00","og_image":[{"width":700,"height":550,"url":"https:\/\/www.odw.fr\/blog\/wp-content\/uploads\/2016\/04\/Recherche-Vocale-1-1.jpg","type":"image\/jpeg"}],"author":"Florent Boquier","twitter_card":"summary_large_image","twitter_misc":{"\u00c9crit par":"Florent Boquier","Dur\u00e9e de lecture estim\u00e9e":"3 minutes"},"schema":{"@context":"https:\/\/schema.org","@graph":[{"@type":"Article","@id":"https:\/\/www.odw.fr\/blog\/referencement\/recherche-vocale-va-bouleverser-seo\/#article","isPartOf":{"@id":"https:\/\/www.odw.fr\/blog\/referencement\/recherche-vocale-va-bouleverser-seo\/"},"author":{"name":"Florent Boquier","@id":"https:\/\/www.odw.fr\/blog\/#\/schema\/person\/b47d4f831946f6eec9cc94e4f0de8673"},"headline":"La recherche vocale va-t-elle bouleverser le SEO ?","datePublished":"2016-04-26T07:00:37+00:00","dateModified":"2025-05-25T08:20:53+00:00","mainEntityOfPage":{"@id":"https:\/\/www.odw.fr\/blog\/referencement\/recherche-vocale-va-bouleverser-seo\/"},"wordCount":535,"commentCount":0,"image":{"@id":"https:\/\/www.odw.fr\/blog\/referencement\/recherche-vocale-va-bouleverser-seo\/#primaryimage"},"thumbnailUrl":"https:\/\/www.odw.fr\/blog\/wp-content\/uploads\/2016\/04\/Recherche-Vocale-1-1.jpg","articleSection":["R\u00e9f\u00e9rencement"],"inLanguage":"fr-FR","potentialAction":[{"@type":"CommentAction","name":"Comment","target":["https:\/\/www.odw.fr\/blog\/referencement\/recherche-vocale-va-bouleverser-seo\/#respond"]}]},{"@type":"WebPage","@id":"https:\/\/www.odw.fr\/blog\/referencement\/recherche-vocale-va-bouleverser-seo\/","url":"https:\/\/www.odw.fr\/blog\/referencement\/recherche-vocale-va-bouleverser-seo\/","name":"Recherche vocale et SEO : les enjeux - Agence ODW","isPartOf":{"@id":"https:\/\/www.odw.fr\/blog\/#website"},"primaryImageOfPage":{"@id":"https:\/\/www.odw.fr\/blog\/referencement\/recherche-vocale-va-bouleverser-seo\/#primaryimage"},"image":{"@id":"https:\/\/www.odw.fr\/blog\/referencement\/recherche-vocale-va-bouleverser-seo\/#primaryimage"},"thumbnailUrl":"https:\/\/www.odw.fr\/blog\/wp-content\/uploads\/2016\/04\/Recherche-Vocale-1-1.jpg","datePublished":"2016-04-26T07:00:37+00:00","dateModified":"2025-05-25T08:20:53+00:00","author":{"@id":"https:\/\/www.odw.fr\/blog\/#\/schema\/person\/b47d4f831946f6eec9cc94e4f0de8673"},"description":"L'arriv\u00e9e \u00e0 maturit\u00e9 de la recherche vocale impactera-elle le r\u00e9f\u00e9rencement naturel ? Une question \u00e0 laquelle nous essayons de r\u00e9pondre.","breadcrumb":{"@id":"https:\/\/www.odw.fr\/blog\/referencement\/recherche-vocale-va-bouleverser-seo\/#breadcrumb"},"inLanguage":"fr-FR","potentialAction":[{"@type":"ReadAction","target":["https:\/\/www.odw.fr\/blog\/referencement\/recherche-vocale-va-bouleverser-seo\/"]}]},{"@type":"ImageObject","inLanguage":"fr-FR","@id":"https:\/\/www.odw.fr\/blog\/referencement\/recherche-vocale-va-bouleverser-seo\/#primaryimage","url":"https:\/\/www.odw.fr\/blog\/wp-content\/uploads\/2016\/04\/Recherche-Vocale-1-1.jpg","contentUrl":"https:\/\/www.odw.fr\/blog\/wp-content\/uploads\/2016\/04\/Recherche-Vocale-1-1.jpg","width":700,"height":550,"caption":"SEO, recherche vocale, Ok Google, r\u00e9f\u00e9rencement"},{"@type":"BreadcrumbList","@id":"https:\/\/www.odw.fr\/blog\/referencement\/recherche-vocale-va-bouleverser-seo\/#breadcrumb","itemListElement":[{"@type":"ListItem","position":1,"name":"Accueil","item":"https:\/\/www.odw.fr\/blog\/"},{"@type":"ListItem","position":2,"name":"La recherche vocale va-t-elle bouleverser le SEO ?"}]},{"@type":"WebSite","@id":"https:\/\/www.odw.fr\/blog\/#website","url":"https:\/\/www.odw.fr\/blog\/","name":"Agence digitale ODW","description":"Conseil en communication digitale","potentialAction":[{"@type":"SearchAction","target":{"@type":"EntryPoint","urlTemplate":"https:\/\/www.odw.fr\/blog\/?s={search_term_string}"},"query-input":{"@type":"PropertyValueSpecification","valueRequired":true,"valueName":"search_term_string"}}],"inLanguage":"fr-FR"},{"@type":"Person","@id":"https:\/\/www.odw.fr\/blog\/#\/schema\/person\/b47d4f831946f6eec9cc94e4f0de8673","name":"Florent Boquier","image":{"@type":"ImageObject","inLanguage":"fr-FR","@id":"https:\/\/secure.gravatar.com\/avatar\/6cd6f2ee93c2238a91c6e5ba481918751badfa51a1f9b1b997bb18701c1bc1eb?s=96&d=retro&r=g","url":"https:\/\/secure.gravatar.com\/avatar\/6cd6f2ee93c2238a91c6e5ba481918751badfa51a1f9b1b997bb18701c1bc1eb?s=96&d=retro&r=g","contentUrl":"https:\/\/secure.gravatar.com\/avatar\/6cd6f2ee93c2238a91c6e5ba481918751badfa51a1f9b1b997bb18701c1bc1eb?s=96&d=retro&r=g","caption":"Florent Boquier"},"description":"Assistant Chef de projet SEO","sameAs":["https:\/\/www.odw.fr"]}]}},"_links":{"self":[{"href":"https:\/\/www.odw.fr\/blog\/wp-json\/wp\/v2\/posts\/6017","targetHints":{"allow":["GET"]}}],"collection":[{"href":"https:\/\/www.odw.fr\/blog\/wp-json\/wp\/v2\/posts"}],"about":[{"href":"https:\/\/www.odw.fr\/blog\/wp-json\/wp\/v2\/types\/post"}],"author":[{"embeddable":true,"href":"https:\/\/www.odw.fr\/blog\/wp-json\/wp\/v2\/users\/16"}],"replies":[{"embeddable":true,"href":"https:\/\/www.odw.fr\/blog\/wp-json\/wp\/v2\/comments?post=6017"}],"version-history":[{"count":0,"href":"https:\/\/www.odw.fr\/blog\/wp-json\/wp\/v2\/posts\/6017\/revisions"}],"wp:featuredmedia":[{"embeddable":true,"href":"https:\/\/www.odw.fr\/blog\/wp-json\/wp\/v2\/media\/6026"}],"wp:attachment":[{"href":"https:\/\/www.odw.fr\/blog\/wp-json\/wp\/v2\/media?parent=6017"}],"wp:term":[{"taxonomy":"category","embeddable":true,"href":"https:\/\/www.odw.fr\/blog\/wp-json\/wp\/v2\/categories?post=6017"},{"taxonomy":"post_tag","embeddable":true,"href":"https:\/\/www.odw.fr\/blog\/wp-json\/wp\/v2\/tags?post=6017"}],"curies":[{"name":"wp","href":"https:\/\/api.w.org\/{rel}","templated":true}]}}