{"id":7106,"date":"2022-10-03T17:06:51","date_gmt":"2022-10-03T15:06:51","guid":{"rendered":"https:\/\/www.odw.fr\/blog\/?p=7106"},"modified":"2025-06-05T15:50:30","modified_gmt":"2025-06-05T13:50:30","slug":"est-ce-que-le-web3-va-modifier-lexperience-utilisateur","status":"publish","type":"post","link":"https:\/\/www.odw.fr\/blog\/actualites\/est-ce-que-le-web3-va-modifier-lexperience-utilisateur\/","title":{"rendered":"Est-ce que le Web3 va modifier l\u2019exp\u00e9rience utilisateur\u2009?"},"content":{"rendered":"<p>Nouvelle \u00e9volution d\u2019Internet, le <strong>Web3 vient combler les lacunes du Web1 et du Web2<\/strong>. Bas\u00e9 sur la d\u00e9centralisation des donn\u00e9es et l\u2019ind\u00e9pendance de l\u2019utilisateur, il se traduit concr\u00e8tement par ces deux piliers \u2014 les NFTs et les m\u00e9tavers. Mais aujourd\u2019hui, il reste encore <strong>au stade du balbutiement<\/strong>. Si la transition para\u00eet in\u00e9vitable, elle mettra quelques ann\u00e9es avant de se faire\u2026<\/p>\n<h2 class=\"wp-block-heading\"><strong>Qu\u2019est-ce que le Web3\u2009?<\/strong><\/h2>\n<p>Le Web1 renvoie au <strong>web statique<\/strong>, p\u00e9riode au cours de laquelle l\u2019utilisateur venait uniquement prendre des <a href=\"https:\/\/www.odw.fr\/expertises\/agence-seo\/\" target=\"_blank\" rel=\"noreferrer noopener\">informations<\/a> sur Internet, sans \u00e9changer ou alimenter les contenus de ses contributions personnelles. Avec le Web2, l\u2019internaute est <strong>venu participer et <a href=\"https:\/\/www.odw.fr\/blog\/actualites\/bereal-une-nouvelle-experience-de-reseau-social\/\" target=\"_blank\" rel=\"noreferrer noopener\">partager<\/a> activement<\/strong> ses informations \u2014 notamment \u00e0 travers les r\u00e9seaux sociaux.&nbsp;<\/p>\n<p>Le <strong>web3 marque une nouvelle \u00e9volution d\u2019Internet<\/strong>&nbsp;: venu combler les lacunes des deux pr\u00e9c\u00e9dentes versions, il veut <strong>d\u00e9centraliser<\/strong> les donn\u00e9es pour qu\u2019elles ne soient plus concentr\u00e9es dans les mains de quelques entreprises (GAFA). <strong>Ouvert<\/strong> \u00e0 tous, il se d\u00e9veloppe sur les protocoles open source des r\u00e9seaux blockchains, garantissant le <strong>stockage et le chiffrement des donn\u00e9es<\/strong> en ligne\u2026<\/p>\n<h2 class=\"wp-block-heading\"><strong>Comment le Web3 va-t-il changer l\u2019exp\u00e9rience utilisateur\u2009?<\/strong><\/h2>\n<p>En cours de construction, le Web3 promet aux internautes <strong>davantage d\u2019ind\u00e9pendance<\/strong>, tout en gardant la propri\u00e9t\u00e9 de leurs donn\u00e9es. Dans cet esprit, on retrouve aujourd\u2019hui les <strong>NFTs<\/strong> qui d\u00e9livrent au propri\u00e9taire un certificat d\u2019authenticit\u00e9 de ses achats <strong>et les m\u00e9tavers<\/strong> qui permettent \u00e0 l\u2019utilisateur d\u2019interagir avec un environnement ainsi qu\u2019avec d\u2019autres individus.<\/p>\n<p>Avec leur propre \u00e9conomie, ces espaces num\u00e9riques immersifs constituent, \u00e0 ce jour, un parfait exemple de l\u2019esprit du Web3. <strong>Mais attention, <\/strong>l<strong>es univers d\u00e9velopp\u00e9s aujourd\u2019hui sont l\u2019\u0153uvre d\u2019entit\u00e9 centralis\u00e9e<\/strong>, comme Meta (Facebook)&nbsp;: or, il est fort possible que ces m\u00e9tavers conservent le sch\u00e9ma du Web2 sur le contr\u00f4le des donn\u00e9es, car il s\u2019agit de leur principale source de revenus.<\/p>\n<p>Encore au stade du balbutiement, l<strong>es promesses du Web3 sont excitantes, mais enregistrent encore des limites<\/strong> \u00e0 lever telles que l\u2019accessibilit\u00e9 ou l\u2019exp\u00e9rience utilisateur, encore peu adapt\u00e9e pour les n\u00e9ophytes (barri\u00e8res techniques). En 2022, il y a autant d\u2019individus avec une adresse Ethereum qu\u2019il y avait d\u2019utilisateurs d\u2019Internet en 1995&nbsp;: <strong>in\u00e9vitable, la transition<\/strong> entre le Web2 et le Web3 va vraisemblablement prendre du temps\u2026<\/p>\n<p><strong>Sources<\/strong> | <a href=\"https:\/\/filtermaker.fr\/qu-est-ce-que-le-web3\/\" target=\"_blank\" rel=\"noreferrer noopener\">Filter Maker<\/a> | <a href=\"https:\/\/cryptoast.fr\/web-3-version-decentralisee-internet\/\" target=\"_blank\" rel=\"noreferrer noopener\">Cryptoast<\/a> | <a href=\"https:\/\/ethereum.org\/fr\/web3\/\" target=\"_blank\" rel=\"noreferrer noopener\">Ethereum<\/a> | <a href=\"https:\/\/www.insign.fr\/insights\/web3-au-service-des-marques\" target=\"_blank\" rel=\"noreferrer noopener\">Insign<\/a><\/p>\n<p><strong>Image <\/strong>| <a href=\"https:\/\/www.newscientist.com\/article\/2301706-what-is-web3-and-how-will-it-change-the-way-we-use-the-internet\/\" target=\"_blank\" rel=\"noreferrer noopener\">NewScientist<\/a><\/p>\n","protected":false},"excerpt":{"rendered":"<p>Nouvelle \u00e9volution d\u2019Internet, le Web3 vient combler les lacunes du Web1 et du Web2. Bas\u00e9 sur la d\u00e9centralisation des donn\u00e9es et l\u2019ind\u00e9pendance de l\u2019utilisateur, il [&#8230;]<\/p>\n","protected":false},"author":24,"featured_media":7107,"comment_status":"open","ping_status":"open","sticky":false,"template":"","format":"standard","meta":{"footnotes":""},"categories":[1],"tags":[],"class_list":["post-7106","post","type-post","status-publish","format-standard","has-post-thumbnail","hentry","category-actualites"],"yoast_head":"<!-- This site is optimized with the Yoast SEO plugin v27.3 - https:\/\/yoast.com\/product\/yoast-seo-wordpress\/ -->\n<title>Est-ce que le Web3 va modifier l\u2019exp\u00e9rience utilisateur\u2009? - Agence digitale ODW<\/title>\n<meta name=\"description\" content=\"Le Web3 promet une exp\u00e9rience utilisateur d\u00e9centralis\u00e9e, immersive et plus s\u00e9curis\u00e9e. D\u00e9couvrez comment cette \u00e9volution pourrait transformer notre mani\u00e8re d\u2019interagir en ligne.\" \/>\n<meta name=\"robots\" content=\"index, follow, max-snippet:-1, max-image-preview:large, max-video-preview:-1\" \/>\n<link rel=\"canonical\" href=\"https:\/\/www.odw.fr\/blog\/actualites\/est-ce-que-le-web3-va-modifier-lexperience-utilisateur\/\" \/>\n<meta property=\"og:locale\" content=\"fr_FR\" \/>\n<meta property=\"og:type\" content=\"article\" \/>\n<meta property=\"og:title\" content=\"Est-ce que le Web3 va modifier l\u2019exp\u00e9rience utilisateur\u2009? - Agence digitale ODW\" \/>\n<meta property=\"og:description\" content=\"Le Web3 promet une exp\u00e9rience utilisateur d\u00e9centralis\u00e9e, immersive et plus s\u00e9curis\u00e9e. D\u00e9couvrez comment cette \u00e9volution pourrait transformer notre mani\u00e8re d\u2019interagir en ligne.\" \/>\n<meta property=\"og:url\" content=\"https:\/\/www.odw.fr\/blog\/actualites\/est-ce-que-le-web3-va-modifier-lexperience-utilisateur\/\" \/>\n<meta property=\"og:site_name\" content=\"Agence digitale ODW\" \/>\n<meta property=\"article:published_time\" content=\"2022-10-03T15:06:51+00:00\" \/>\n<meta property=\"article:modified_time\" content=\"2025-06-05T13:50:30+00:00\" \/>\n<meta property=\"og:image\" content=\"https:\/\/www.odw.fr\/blog\/wp-content\/uploads\/2022\/10\/article_web3-1024x666.png\" \/>\n\t<meta property=\"og:image:width\" content=\"1024\" \/>\n\t<meta property=\"og:image:height\" content=\"666\" \/>\n\t<meta property=\"og:image:type\" content=\"image\/png\" \/>\n<meta name=\"author\" content=\"Sarah\" \/>\n<meta name=\"twitter:card\" content=\"summary_large_image\" \/>\n<meta name=\"twitter:label1\" content=\"\u00c9crit par\" \/>\n\t<meta name=\"twitter:data1\" content=\"Sarah\" \/>\n\t<meta name=\"twitter:label2\" content=\"Dur\u00e9e de lecture estim\u00e9e\" \/>\n\t<meta name=\"twitter:data2\" content=\"3 minutes\" \/>\n<script type=\"application\/ld+json\" class=\"yoast-schema-graph\">{\"@context\":\"https:\\\/\\\/schema.org\",\"@graph\":[{\"@type\":\"Article\",\"@id\":\"https:\\\/\\\/www.odw.fr\\\/blog\\\/actualites\\\/est-ce-que-le-web3-va-modifier-lexperience-utilisateur\\\/#article\",\"isPartOf\":{\"@id\":\"https:\\\/\\\/www.odw.fr\\\/blog\\\/actualites\\\/est-ce-que-le-web3-va-modifier-lexperience-utilisateur\\\/\"},\"author\":{\"name\":\"Sarah\",\"@id\":\"https:\\\/\\\/www.odw.fr\\\/blog\\\/#\\\/schema\\\/person\\\/c32eb52df6bb8932d51c2ea5399dae44\"},\"headline\":\"Est-ce que le Web3 va modifier l\u2019exp\u00e9rience utilisateur\u2009?\",\"datePublished\":\"2022-10-03T15:06:51+00:00\",\"dateModified\":\"2025-06-05T13:50:30+00:00\",\"mainEntityOfPage\":{\"@id\":\"https:\\\/\\\/www.odw.fr\\\/blog\\\/actualites\\\/est-ce-que-le-web3-va-modifier-lexperience-utilisateur\\\/\"},\"wordCount\":430,\"commentCount\":0,\"image\":{\"@id\":\"https:\\\/\\\/www.odw.fr\\\/blog\\\/actualites\\\/est-ce-que-le-web3-va-modifier-lexperience-utilisateur\\\/#primaryimage\"},\"thumbnailUrl\":\"https:\\\/\\\/www.odw.fr\\\/blog\\\/wp-content\\\/uploads\\\/2022\\\/10\\\/article_web3.png\",\"articleSection\":[\"Actualit\u00e9s\"],\"inLanguage\":\"fr-FR\",\"potentialAction\":[{\"@type\":\"CommentAction\",\"name\":\"Comment\",\"target\":[\"https:\\\/\\\/www.odw.fr\\\/blog\\\/actualites\\\/est-ce-que-le-web3-va-modifier-lexperience-utilisateur\\\/#respond\"]}]},{\"@type\":\"WebPage\",\"@id\":\"https:\\\/\\\/www.odw.fr\\\/blog\\\/actualites\\\/est-ce-que-le-web3-va-modifier-lexperience-utilisateur\\\/\",\"url\":\"https:\\\/\\\/www.odw.fr\\\/blog\\\/actualites\\\/est-ce-que-le-web3-va-modifier-lexperience-utilisateur\\\/\",\"name\":\"Est-ce que le Web3 va modifier l\u2019exp\u00e9rience utilisateur\u2009? - Agence digitale ODW\",\"isPartOf\":{\"@id\":\"https:\\\/\\\/www.odw.fr\\\/blog\\\/#website\"},\"primaryImageOfPage\":{\"@id\":\"https:\\\/\\\/www.odw.fr\\\/blog\\\/actualites\\\/est-ce-que-le-web3-va-modifier-lexperience-utilisateur\\\/#primaryimage\"},\"image\":{\"@id\":\"https:\\\/\\\/www.odw.fr\\\/blog\\\/actualites\\\/est-ce-que-le-web3-va-modifier-lexperience-utilisateur\\\/#primaryimage\"},\"thumbnailUrl\":\"https:\\\/\\\/www.odw.fr\\\/blog\\\/wp-content\\\/uploads\\\/2022\\\/10\\\/article_web3.png\",\"datePublished\":\"2022-10-03T15:06:51+00:00\",\"dateModified\":\"2025-06-05T13:50:30+00:00\",\"author\":{\"@id\":\"https:\\\/\\\/www.odw.fr\\\/blog\\\/#\\\/schema\\\/person\\\/c32eb52df6bb8932d51c2ea5399dae44\"},\"description\":\"Le Web3 promet une exp\u00e9rience utilisateur d\u00e9centralis\u00e9e, immersive et plus s\u00e9curis\u00e9e. D\u00e9couvrez comment cette \u00e9volution pourrait transformer notre mani\u00e8re d\u2019interagir en ligne.\",\"breadcrumb\":{\"@id\":\"https:\\\/\\\/www.odw.fr\\\/blog\\\/actualites\\\/est-ce-que-le-web3-va-modifier-lexperience-utilisateur\\\/#breadcrumb\"},\"inLanguage\":\"fr-FR\",\"potentialAction\":[{\"@type\":\"ReadAction\",\"target\":[\"https:\\\/\\\/www.odw.fr\\\/blog\\\/actualites\\\/est-ce-que-le-web3-va-modifier-lexperience-utilisateur\\\/\"]}]},{\"@type\":\"ImageObject\",\"inLanguage\":\"fr-FR\",\"@id\":\"https:\\\/\\\/www.odw.fr\\\/blog\\\/actualites\\\/est-ce-que-le-web3-va-modifier-lexperience-utilisateur\\\/#primaryimage\",\"url\":\"https:\\\/\\\/www.odw.fr\\\/blog\\\/wp-content\\\/uploads\\\/2022\\\/10\\\/article_web3.png\",\"contentUrl\":\"https:\\\/\\\/www.odw.fr\\\/blog\\\/wp-content\\\/uploads\\\/2022\\\/10\\\/article_web3.png\",\"width\":2400,\"height\":1560},{\"@type\":\"BreadcrumbList\",\"@id\":\"https:\\\/\\\/www.odw.fr\\\/blog\\\/actualites\\\/est-ce-que-le-web3-va-modifier-lexperience-utilisateur\\\/#breadcrumb\",\"itemListElement\":[{\"@type\":\"ListItem\",\"position\":1,\"name\":\"Accueil\",\"item\":\"https:\\\/\\\/www.odw.fr\\\/blog\\\/\"},{\"@type\":\"ListItem\",\"position\":2,\"name\":\"Est-ce que le Web3 va modifier l\u2019exp\u00e9rience utilisateur\u2009?\"}]},{\"@type\":\"WebSite\",\"@id\":\"https:\\\/\\\/www.odw.fr\\\/blog\\\/#website\",\"url\":\"https:\\\/\\\/www.odw.fr\\\/blog\\\/\",\"name\":\"Agence digitale ODW\",\"description\":\"Conseil en communication digitale\",\"potentialAction\":[{\"@type\":\"SearchAction\",\"target\":{\"@type\":\"EntryPoint\",\"urlTemplate\":\"https:\\\/\\\/www.odw.fr\\\/blog\\\/?s={search_term_string}\"},\"query-input\":{\"@type\":\"PropertyValueSpecification\",\"valueRequired\":true,\"valueName\":\"search_term_string\"}}],\"inLanguage\":\"fr-FR\"},{\"@type\":\"Person\",\"@id\":\"https:\\\/\\\/www.odw.fr\\\/blog\\\/#\\\/schema\\\/person\\\/c32eb52df6bb8932d51c2ea5399dae44\",\"name\":\"Sarah\",\"image\":{\"@type\":\"ImageObject\",\"inLanguage\":\"fr-FR\",\"@id\":\"https:\\\/\\\/secure.gravatar.com\\\/avatar\\\/4e128db37f81212c519480ae66b3b4b75f5f86ca0234743789c888c848b68427?s=96&d=retro&r=g\",\"url\":\"https:\\\/\\\/secure.gravatar.com\\\/avatar\\\/4e128db37f81212c519480ae66b3b4b75f5f86ca0234743789c888c848b68427?s=96&d=retro&r=g\",\"contentUrl\":\"https:\\\/\\\/secure.gravatar.com\\\/avatar\\\/4e128db37f81212c519480ae66b3b4b75f5f86ca0234743789c888c848b68427?s=96&d=retro&r=g\",\"caption\":\"Sarah\"},\"sameAs\":[\"https:\\\/\\\/www.odw.fr\"]}]}<\/script>\n<!-- \/ Yoast SEO plugin. -->","yoast_head_json":{"title":"Est-ce que le Web3 va modifier l\u2019exp\u00e9rience utilisateur\u2009? - Agence digitale ODW","description":"Le Web3 promet une exp\u00e9rience utilisateur d\u00e9centralis\u00e9e, immersive et plus s\u00e9curis\u00e9e. D\u00e9couvrez comment cette \u00e9volution pourrait transformer notre mani\u00e8re d\u2019interagir en ligne.","robots":{"index":"index","follow":"follow","max-snippet":"max-snippet:-1","max-image-preview":"max-image-preview:large","max-video-preview":"max-video-preview:-1"},"canonical":"https:\/\/www.odw.fr\/blog\/actualites\/est-ce-que-le-web3-va-modifier-lexperience-utilisateur\/","og_locale":"fr_FR","og_type":"article","og_title":"Est-ce que le Web3 va modifier l\u2019exp\u00e9rience utilisateur\u2009? - Agence digitale ODW","og_description":"Le Web3 promet une exp\u00e9rience utilisateur d\u00e9centralis\u00e9e, immersive et plus s\u00e9curis\u00e9e. D\u00e9couvrez comment cette \u00e9volution pourrait transformer notre mani\u00e8re d\u2019interagir en ligne.","og_url":"https:\/\/www.odw.fr\/blog\/actualites\/est-ce-que-le-web3-va-modifier-lexperience-utilisateur\/","og_site_name":"Agence digitale ODW","article_published_time":"2022-10-03T15:06:51+00:00","article_modified_time":"2025-06-05T13:50:30+00:00","og_image":[{"width":1024,"height":666,"url":"https:\/\/www.odw.fr\/blog\/wp-content\/uploads\/2022\/10\/article_web3-1024x666.png","type":"image\/png"}],"author":"Sarah","twitter_card":"summary_large_image","twitter_misc":{"\u00c9crit par":"Sarah","Dur\u00e9e de lecture estim\u00e9e":"3 minutes"},"schema":{"@context":"https:\/\/schema.org","@graph":[{"@type":"Article","@id":"https:\/\/www.odw.fr\/blog\/actualites\/est-ce-que-le-web3-va-modifier-lexperience-utilisateur\/#article","isPartOf":{"@id":"https:\/\/www.odw.fr\/blog\/actualites\/est-ce-que-le-web3-va-modifier-lexperience-utilisateur\/"},"author":{"name":"Sarah","@id":"https:\/\/www.odw.fr\/blog\/#\/schema\/person\/c32eb52df6bb8932d51c2ea5399dae44"},"headline":"Est-ce que le Web3 va modifier l\u2019exp\u00e9rience utilisateur\u2009?","datePublished":"2022-10-03T15:06:51+00:00","dateModified":"2025-06-05T13:50:30+00:00","mainEntityOfPage":{"@id":"https:\/\/www.odw.fr\/blog\/actualites\/est-ce-que-le-web3-va-modifier-lexperience-utilisateur\/"},"wordCount":430,"commentCount":0,"image":{"@id":"https:\/\/www.odw.fr\/blog\/actualites\/est-ce-que-le-web3-va-modifier-lexperience-utilisateur\/#primaryimage"},"thumbnailUrl":"https:\/\/www.odw.fr\/blog\/wp-content\/uploads\/2022\/10\/article_web3.png","articleSection":["Actualit\u00e9s"],"inLanguage":"fr-FR","potentialAction":[{"@type":"CommentAction","name":"Comment","target":["https:\/\/www.odw.fr\/blog\/actualites\/est-ce-que-le-web3-va-modifier-lexperience-utilisateur\/#respond"]}]},{"@type":"WebPage","@id":"https:\/\/www.odw.fr\/blog\/actualites\/est-ce-que-le-web3-va-modifier-lexperience-utilisateur\/","url":"https:\/\/www.odw.fr\/blog\/actualites\/est-ce-que-le-web3-va-modifier-lexperience-utilisateur\/","name":"Est-ce que le Web3 va modifier l\u2019exp\u00e9rience utilisateur\u2009? - Agence digitale ODW","isPartOf":{"@id":"https:\/\/www.odw.fr\/blog\/#website"},"primaryImageOfPage":{"@id":"https:\/\/www.odw.fr\/blog\/actualites\/est-ce-que-le-web3-va-modifier-lexperience-utilisateur\/#primaryimage"},"image":{"@id":"https:\/\/www.odw.fr\/blog\/actualites\/est-ce-que-le-web3-va-modifier-lexperience-utilisateur\/#primaryimage"},"thumbnailUrl":"https:\/\/www.odw.fr\/blog\/wp-content\/uploads\/2022\/10\/article_web3.png","datePublished":"2022-10-03T15:06:51+00:00","dateModified":"2025-06-05T13:50:30+00:00","author":{"@id":"https:\/\/www.odw.fr\/blog\/#\/schema\/person\/c32eb52df6bb8932d51c2ea5399dae44"},"description":"Le Web3 promet une exp\u00e9rience utilisateur d\u00e9centralis\u00e9e, immersive et plus s\u00e9curis\u00e9e. D\u00e9couvrez comment cette \u00e9volution pourrait transformer notre mani\u00e8re d\u2019interagir en ligne.","breadcrumb":{"@id":"https:\/\/www.odw.fr\/blog\/actualites\/est-ce-que-le-web3-va-modifier-lexperience-utilisateur\/#breadcrumb"},"inLanguage":"fr-FR","potentialAction":[{"@type":"ReadAction","target":["https:\/\/www.odw.fr\/blog\/actualites\/est-ce-que-le-web3-va-modifier-lexperience-utilisateur\/"]}]},{"@type":"ImageObject","inLanguage":"fr-FR","@id":"https:\/\/www.odw.fr\/blog\/actualites\/est-ce-que-le-web3-va-modifier-lexperience-utilisateur\/#primaryimage","url":"https:\/\/www.odw.fr\/blog\/wp-content\/uploads\/2022\/10\/article_web3.png","contentUrl":"https:\/\/www.odw.fr\/blog\/wp-content\/uploads\/2022\/10\/article_web3.png","width":2400,"height":1560},{"@type":"BreadcrumbList","@id":"https:\/\/www.odw.fr\/blog\/actualites\/est-ce-que-le-web3-va-modifier-lexperience-utilisateur\/#breadcrumb","itemListElement":[{"@type":"ListItem","position":1,"name":"Accueil","item":"https:\/\/www.odw.fr\/blog\/"},{"@type":"ListItem","position":2,"name":"Est-ce que le Web3 va modifier l\u2019exp\u00e9rience utilisateur\u2009?"}]},{"@type":"WebSite","@id":"https:\/\/www.odw.fr\/blog\/#website","url":"https:\/\/www.odw.fr\/blog\/","name":"Agence digitale ODW","description":"Conseil en communication digitale","potentialAction":[{"@type":"SearchAction","target":{"@type":"EntryPoint","urlTemplate":"https:\/\/www.odw.fr\/blog\/?s={search_term_string}"},"query-input":{"@type":"PropertyValueSpecification","valueRequired":true,"valueName":"search_term_string"}}],"inLanguage":"fr-FR"},{"@type":"Person","@id":"https:\/\/www.odw.fr\/blog\/#\/schema\/person\/c32eb52df6bb8932d51c2ea5399dae44","name":"Sarah","image":{"@type":"ImageObject","inLanguage":"fr-FR","@id":"https:\/\/secure.gravatar.com\/avatar\/4e128db37f81212c519480ae66b3b4b75f5f86ca0234743789c888c848b68427?s=96&d=retro&r=g","url":"https:\/\/secure.gravatar.com\/avatar\/4e128db37f81212c519480ae66b3b4b75f5f86ca0234743789c888c848b68427?s=96&d=retro&r=g","contentUrl":"https:\/\/secure.gravatar.com\/avatar\/4e128db37f81212c519480ae66b3b4b75f5f86ca0234743789c888c848b68427?s=96&d=retro&r=g","caption":"Sarah"},"sameAs":["https:\/\/www.odw.fr"]}]}},"_links":{"self":[{"href":"https:\/\/www.odw.fr\/blog\/wp-json\/wp\/v2\/posts\/7106","targetHints":{"allow":["GET"]}}],"collection":[{"href":"https:\/\/www.odw.fr\/blog\/wp-json\/wp\/v2\/posts"}],"about":[{"href":"https:\/\/www.odw.fr\/blog\/wp-json\/wp\/v2\/types\/post"}],"author":[{"embeddable":true,"href":"https:\/\/www.odw.fr\/blog\/wp-json\/wp\/v2\/users\/24"}],"replies":[{"embeddable":true,"href":"https:\/\/www.odw.fr\/blog\/wp-json\/wp\/v2\/comments?post=7106"}],"version-history":[{"count":0,"href":"https:\/\/www.odw.fr\/blog\/wp-json\/wp\/v2\/posts\/7106\/revisions"}],"wp:featuredmedia":[{"embeddable":true,"href":"https:\/\/www.odw.fr\/blog\/wp-json\/wp\/v2\/media\/7107"}],"wp:attachment":[{"href":"https:\/\/www.odw.fr\/blog\/wp-json\/wp\/v2\/media?parent=7106"}],"wp:term":[{"taxonomy":"category","embeddable":true,"href":"https:\/\/www.odw.fr\/blog\/wp-json\/wp\/v2\/categories?post=7106"},{"taxonomy":"post_tag","embeddable":true,"href":"https:\/\/www.odw.fr\/blog\/wp-json\/wp\/v2\/tags?post=7106"}],"curies":[{"name":"wp","href":"https:\/\/api.w.org\/{rel}","templated":true}]}}